{"id":3700,"date":"2020-10-05T22:47:23","date_gmt":"2020-10-05T22:47:23","guid":{"rendered":"https:\/\/wander.com.ar\/website\/?p=3700"},"modified":"2020-12-12T13:45:21","modified_gmt":"2020-12-12T13:45:21","slug":"matias-frey-correra-el-mundial-de-flat-track","status":"publish","type":"post","link":"https:\/\/wander.com.ar\/website\/matias-frey-correra-el-mundial-de-flat-track\/","title":{"rendered":"MATIAS FREY CORRER\u00c1 EL MUNDIAL DE FLAT TRACK"},"content":{"rendered":"[et_pb_section admin_label=\u00bbsection\u00bb]\n\t\t\t[et_pb_row admin_label=\u00bbrow\u00bb]\n\t\t\t\t[et_pb_column type=\u00bb4_4&#8243;][et_pb_text admin_label=\u00bbText\u00bb]\r\n<p>Mat\u00edas Frey de G\u00e1lvez (Santa Fe) ser\u00e1 el 4\u00b0 piloto del Team que dirige \u00c1ngel Grau, que tendr\u00e1 a Ariel Nazar como Manager de la Selecci\u00f3n Argentina de Flat Track y a los integrantes del Equipo de Mat\u00edas coordinando desde Argentina. El galvense ser\u00e1 compa\u00f1ero, dentro de la estructura del SGR, de Ferran Card\u00fas y Alejandro Rodr\u00edguez Mesa de Espa\u00f1a y del brasile\u00f1o Marcelo Silveiro.<\/p>\r\n\r\n\r\n\r\n<h4 class=\"has-medium-font-size\"><strong>FECHAS DE CARRERA<br \/><\/strong><\/h4>\r\n\r\n\r\n\r\n<p>Las carreras ser\u00e1n en d\u00eda s\u00e1bado: el 3 de octubre en Pardubice, Rep\u00fablica Checa la 1\u00b0 fecha; el 17 de octubre en Diedenbergen, Alemania (sur de Frankfurt) la 2\u00b0; y el 24 de octubre en Boves-Cuneo, Italia (sur de Mil\u00e1n).<br \/>Frey formar\u00e1 parte de la lista de 32 pilotos ya confirmados para el evento. La delegaci\u00f3n argentina partir\u00e1 a fines de septiembre para luego comenzar con los entrenamientos previos en Rufea, cerca de Lleida (Catalu\u00f1a), donde el SGR tiene su base.<br \/>El Mundial ser\u00e1 \u00fanicamente para la Categor\u00eda 450 y Mat\u00edas lo har\u00e1 sobre una Suzuki RMZ 2020 que le entregar\u00e1 el Equipo SGR con el N\u00b0 173 como identificatorio.<br \/>El piloto santafesino tendr\u00e1 su primera experiencia internacional y se suma a una lista importante de pilotos argentinos que han participado en campeonatos mundiales de distintas disciplinas.<\/p>\r\n\r\n\r\n\r\n<blockquote class=\"wp-block-quote is-layout-flow wp-block-quote-is-layout-flow\">\r\n<p>El piloto santafesino tendr\u00e1 su primera experiencia internacional y se suma a una lista importante de pilotos argentinos que han participado en campeonatos mundiales de distintas disciplinas.<\/p>\r\n<\/blockquote>\r\n\r\n\r\n\r\n<h4>\u00a0<\/h4>\r\n<h4 class=\"has-medium-font-size\"><strong>LAURELES DE QU\u00cdNTUPLE<\/strong><\/h4>\r\n\r\n\r\n\r\n<p>Nacido en los \u00f3valos de tierra y con trayectoria desde las Categor\u00edas formativas en Minomotos y 50 Escuela Promocional, Mat\u00edas Frey es uno de los pilotos m\u00e1s ganadores y populares del Certamen Argentino de Motociclismo.Pas\u00f3 por todas las categor\u00edas y se afianz\u00f3 finalmente en 125 Graduados.<br \/>La calidad de pilotos y la preparaci\u00f3n mec\u00e1nica, es sin\u00f3nimo de su ciudad. Compiti\u00f3 adem\u00e1s en 125 y 250 Internacional, siendo piloto oficial Honda, para luego correr en Graduados . En dicha categor\u00eda obtuvo en 2013 el primero de sus 4 t\u00edtulos. Lleva cosechadas 41 victorias, 36 de ellas en Graduados, y es el piloto m\u00e1s ganador en el circuito de su propia ciudad (Galvez).<br \/>En 2016 desembarc\u00f3 en 450 Internacional, logrando su primer triunfo en Selva en 2017. En 2018 logr\u00f3 tres victorias y 10 podios para obtener el subcampeonato de dicha categor\u00eda. Es mismo a\u00f1o consigui\u00f3 su cuarto t\u00edtulo de Graduados.<br \/>En 2019, finalmente, consigui\u00f3 por primera vez ser campe\u00f3n del 450, d\u00e1ndole a KTM su primer t\u00edtulo en los \u00f3valos. Fue as\u00ed el 5\u00b0 t\u00edtulo personal de Frey en su campa\u00f1a deportiva.<\/p>\r\n[\/et_pb_text][\/et_pb_column]\n\t\t\t[\/et_pb_row]\n\t\t[\/et_pb_section]","protected":false},"excerpt":{"rendered":"<p>El piloto argentino fue confirmado por FIM como piloto estable del Primer Mundial de \u00d3valos de Tierra que se correr\u00e1 durante el mes de octubre en Europa. El actual campe\u00f3n nacional de 450 recibi\u00f3 la invitaci\u00f3n oficial del Suzuki Grau Racing de Espa\u00f1a para sumarse al equipo.<\/p>\n","protected":false},"author":10,"featured_media":0,"comment_status":"closed","ping_status":"closed","sticky":false,"template":"","format":"standard","meta":{"_et_pb_use_builder":"on","_et_pb_old_content":"<!-- wp:paragraph -->\r\n<p>Mat\u00edas Frey de G\u00e1lvez (Santa Fe) ser\u00e1 el 4\u00b0 piloto del Team que dirige \u00c1ngel Grau, que tendr\u00e1 a Ariel Nazar como Manager de la Selecci\u00f3n Argentina de Flat Track y a los integrantes del Equipo de Mat\u00edas coordinando desde Argentina. El galvense ser\u00e1 compa\u00f1ero, dentro de la estructura del SGR, de Ferran Card\u00fas y Alejandro Rodr\u00edguez Mesa de Espa\u00f1a y del brasile\u00f1o Marcelo Silveiro.<\/p>\r\n<!-- \/wp:paragraph -->\r\n\r\n<!-- wp:paragraph {\"fontSize\":\"medium\"} -->\r\n<h4 class=\"has-medium-font-size\"><strong>FECHAS DE CARRERA<br \/><\/strong><\/h4>\r\n<!-- \/wp:paragraph -->\r\n\r\n<!-- wp:paragraph -->\r\n<p>Las carreras ser\u00e1n en d\u00eda s\u00e1bado: el 3 de octubre en Pardubice, Rep\u00fablica Checa la 1\u00b0 fecha; el 17 de octubre en Diedenbergen, Alemania (sur de Frankfurt) la 2\u00b0; y el 24 de octubre en Boves-Cuneo, Italia (sur de Mil\u00e1n).<br \/>Frey formar\u00e1 parte de la lista de 32 pilotos ya confirmados para el evento. La delegaci\u00f3n argentina partir\u00e1 a fines de septiembre para luego comenzar con los entrenamientos previos en Rufea, cerca de Lleida (Catalu\u00f1a), donde el SGR tiene su base.<br \/>El Mundial ser\u00e1 \u00fanicamente para la Categor\u00eda 450 y Mat\u00edas lo har\u00e1 sobre una Suzuki RMZ 2020 que le entregar\u00e1 el Equipo SGR con el N\u00b0 173 como identificatorio.<br \/>El piloto santafesino tendr\u00e1 su primera experiencia internacional y se suma a una lista importante de pilotos argentinos que han participado en campeonatos mundiales de distintas disciplinas.<\/p>\r\n<!-- \/wp:paragraph -->\r\n\r\n<!-- wp:quote -->\r\n<blockquote class=\"wp-block-quote\">\r\n<p>El piloto santafesino tendr\u00e1 su primera experiencia internacional y se suma a una lista importante de pilotos argentinos que han participado en campeonatos mundiales de distintas disciplinas.<\/p>\r\n<\/blockquote>\r\n<!-- \/wp:quote -->\r\n\r\n<!-- wp:paragraph {\"fontSize\":\"medium\"} -->\r\n<h4>\u00a0<\/h4>\r\n<h4 class=\"has-medium-font-size\"><strong>LAURELES DE QU\u00cdNTUPLE<\/strong><\/h4>\r\n<!-- \/wp:paragraph -->\r\n\r\n<!-- wp:paragraph {\"fontSize\":\"normal\"} -->\r\n<p>Nacido en los \u00f3valos de tierra y con trayectoria desde las Categor\u00edas formativas en Minomotos y 50 Escuela Promocional, Mat\u00edas Frey es uno de los pilotos m\u00e1s ganadores y populares del Certamen Argentino de Motociclismo.Pas\u00f3 por todas las categor\u00edas y se afianz\u00f3 finalmente en 125 Graduados.<br \/>La calidad de pilotos y la preparaci\u00f3n mec\u00e1nica, es sin\u00f3nimo de su ciudad. Compiti\u00f3 adem\u00e1s en 125 y 250 Internacional, siendo piloto oficial Honda, para luego correr en Graduados . En dicha categor\u00eda obtuvo en 2013 el primero de sus 4 t\u00edtulos. Lleva cosechadas 41 victorias, 36 de ellas en Graduados, y es el piloto m\u00e1s ganador en el circuito de su propia ciudad (Galvez).<br \/>En 2016 desembarc\u00f3 en 450 Internacional, logrando su primer triunfo en Selva en 2017. En 2018 logr\u00f3 tres victorias y 10 podios para obtener el subcampeonato de dicha categor\u00eda. Es mismo a\u00f1o consigui\u00f3 su cuarto t\u00edtulo de Graduados.<br \/>En 2019, finalmente, consigui\u00f3 por primera vez ser campe\u00f3n del 450, d\u00e1ndole a KTM su primer t\u00edtulo en los \u00f3valos. Fue as\u00ed el 5\u00b0 t\u00edtulo personal de Frey en su campa\u00f1a deportiva.<\/p>\r\n<!-- \/wp:paragraph -->","_et_gb_content_width":"","footnotes":""},"categories":[377],"tags":[],"class_list":["post-3700","post","type-post","status-publish","format-standard","hentry","category-novedades"],"yoast_head":"<!-- This site is optimized with the Yoast SEO plugin v23.9 - https:\/\/yoast.com\/wordpress\/plugins\/seo\/ -->\n<title>MATIAS FREY CORRER\u00c1 EL MUNDIAL DE FLAT TRACK -<\/title>\n<meta name=\"robots\" content=\"noindex, follow\" \/>\n<meta property=\"og:locale\" content=\"es_ES\" \/>\n<meta property=\"og:type\" content=\"article\" \/>\n<meta property=\"og:title\" content=\"MATIAS FREY CORRER\u00c1 EL MUNDIAL DE FLAT TRACK -\" \/>\n<meta property=\"og:description\" content=\"El piloto argentino fue confirmado por FIM como piloto estable del Primer Mundial de \u00d3valos de Tierra que se correr\u00e1 durante el mes de octubre en Europa. El actual campe\u00f3n nacional de 450 recibi\u00f3 la invitaci\u00f3n oficial del Suzuki Grau Racing de Espa\u00f1a para sumarse al equipo.\" \/>\n<meta property=\"og:url\" content=\"https:\/\/wander.com.ar\/website\/matias-frey-correra-el-mundial-de-flat-track\/\" \/>\n<meta property=\"og:site_name\" content=\"Wander\" \/>\n<meta property=\"article:publisher\" content=\"https:\/\/www.facebook.com\/wanderargentina.ok\/\" \/>\n<meta property=\"article:published_time\" content=\"2020-10-05T22:47:23+00:00\" \/>\n<meta property=\"article:modified_time\" content=\"2020-12-12T13:45:21+00:00\" \/>\n<meta name=\"author\" content=\"Leonardo Girardi\" \/>\n<meta name=\"twitter:card\" content=\"summary_large_image\" \/>\n<meta name=\"twitter:label1\" content=\"Escrito por\" \/>\n\t<meta name=\"twitter:data1\" content=\"Leonardo Girardi\" \/>\n\t<meta name=\"twitter:label2\" content=\"Tiempo de lectura\" \/>\n\t<meta name=\"twitter:data2\" content=\"2 minutos\" \/>\n<script type=\"application\/ld+json\" class=\"yoast-schema-graph\">{\"@context\":\"https:\/\/schema.org\",\"@graph\":[{\"@type\":\"Article\",\"@id\":\"https:\/\/wander.com.ar\/website\/matias-frey-correra-el-mundial-de-flat-track\/#article\",\"isPartOf\":{\"@id\":\"https:\/\/wander.com.ar\/website\/matias-frey-correra-el-mundial-de-flat-track\/\"},\"author\":{\"name\":\"Leonardo Girardi\",\"@id\":\"https:\/\/wander.com.ar\/website\/#\/schema\/person\/881458e62efa9ec0a1770a77a5124e79\"},\"headline\":\"MATIAS FREY CORRER\u00c1 EL MUNDIAL DE FLAT TRACK\",\"datePublished\":\"2020-10-05T22:47:23+00:00\",\"dateModified\":\"2020-12-12T13:45:21+00:00\",\"mainEntityOfPage\":{\"@id\":\"https:\/\/wander.com.ar\/website\/matias-frey-correra-el-mundial-de-flat-track\/\"},\"wordCount\":470,\"publisher\":{\"@id\":\"https:\/\/wander.com.ar\/website\/#organization\"},\"articleSection\":[\"Novedades\"],\"inLanguage\":\"es\"},{\"@type\":\"WebPage\",\"@id\":\"https:\/\/wander.com.ar\/website\/matias-frey-correra-el-mundial-de-flat-track\/\",\"url\":\"https:\/\/wander.com.ar\/website\/matias-frey-correra-el-mundial-de-flat-track\/\",\"name\":\"MATIAS FREY CORRER\u00c1 EL MUNDIAL DE FLAT TRACK -\",\"isPartOf\":{\"@id\":\"https:\/\/wander.com.ar\/website\/#website\"},\"datePublished\":\"2020-10-05T22:47:23+00:00\",\"dateModified\":\"2020-12-12T13:45:21+00:00\",\"breadcrumb\":{\"@id\":\"https:\/\/wander.com.ar\/website\/matias-frey-correra-el-mundial-de-flat-track\/#breadcrumb\"},\"inLanguage\":\"es\",\"potentialAction\":[{\"@type\":\"ReadAction\",\"target\":[\"https:\/\/wander.com.ar\/website\/matias-frey-correra-el-mundial-de-flat-track\/\"]}]},{\"@type\":\"BreadcrumbList\",\"@id\":\"https:\/\/wander.com.ar\/website\/matias-frey-correra-el-mundial-de-flat-track\/#breadcrumb\",\"itemListElement\":[{\"@type\":\"ListItem\",\"position\":1,\"name\":\"Portada\",\"item\":\"https:\/\/wander.com.ar\/website\/\"},{\"@type\":\"ListItem\",\"position\":2,\"name\":\"MATIAS FREY CORRER\u00c1 EL MUNDIAL DE FLAT TRACK\"}]},{\"@type\":\"WebSite\",\"@id\":\"https:\/\/wander.com.ar\/website\/#website\",\"url\":\"https:\/\/wander.com.ar\/website\/\",\"name\":\"Wander Argentina\",\"description\":\"Productos para el mercado automotor\",\"publisher\":{\"@id\":\"https:\/\/wander.com.ar\/website\/#organization\"},\"alternateName\":\"Wander\",\"potentialAction\":[{\"@type\":\"SearchAction\",\"target\":{\"@type\":\"EntryPoint\",\"urlTemplate\":\"https:\/\/wander.com.ar\/website\/?s={search_term_string}\"},\"query-input\":{\"@type\":\"PropertyValueSpecification\",\"valueRequired\":true,\"valueName\":\"search_term_string\"}}],\"inLanguage\":\"es\"},{\"@type\":\"Organization\",\"@id\":\"https:\/\/wander.com.ar\/website\/#organization\",\"name\":\"Wander Argentina\",\"alternateName\":\"Wander\",\"url\":\"https:\/\/wander.com.ar\/website\/\",\"logo\":{\"@type\":\"ImageObject\",\"inLanguage\":\"es\",\"@id\":\"https:\/\/wander.com.ar\/website\/#\/schema\/logo\/image\/\",\"url\":\"https:\/\/wander.com.ar\/website\/wp-content\/uploads\/wander_isologo_hor_pos.png\",\"contentUrl\":\"https:\/\/wander.com.ar\/website\/wp-content\/uploads\/wander_isologo_hor_pos.png\",\"width\":951,\"height\":333,\"caption\":\"Wander Argentina\"},\"image\":{\"@id\":\"https:\/\/wander.com.ar\/website\/#\/schema\/logo\/image\/\"},\"sameAs\":[\"https:\/\/www.facebook.com\/wanderargentina.ok\/\",\"https:\/\/www.youtube.com\/@WanderRacingTV\",\"https:\/\/www.instagram.com\/wanderargentina.ok\"]},{\"@type\":\"Person\",\"@id\":\"https:\/\/wander.com.ar\/website\/#\/schema\/person\/881458e62efa9ec0a1770a77a5124e79\",\"name\":\"Leonardo Girardi\",\"image\":{\"@type\":\"ImageObject\",\"inLanguage\":\"es\",\"@id\":\"https:\/\/wander.com.ar\/website\/#\/schema\/person\/image\/\",\"url\":\"https:\/\/secure.gravatar.com\/avatar\/02bf58d0e5ec9a22b600363fbff5ea6c5dc0e4a05d54d3a32fcee24fba5e290f?s=96&d=mm&r=g\",\"contentUrl\":\"https:\/\/secure.gravatar.com\/avatar\/02bf58d0e5ec9a22b600363fbff5ea6c5dc0e4a05d54d3a32fcee24fba5e290f?s=96&d=mm&r=g\",\"caption\":\"Leonardo Girardi\"},\"sameAs\":[\"https:\/\/wander.com.ar\"],\"url\":\"https:\/\/wander.com.ar\/website\/author\/leonardo\/\"}]}<\/script>\n<!-- \/ Yoast SEO plugin. -->","yoast_head_json":{"title":"MATIAS FREY CORRER\u00c1 EL MUNDIAL DE FLAT TRACK -","robots":{"index":"noindex","follow":"follow"},"og_locale":"es_ES","og_type":"article","og_title":"MATIAS FREY CORRER\u00c1 EL MUNDIAL DE FLAT TRACK -","og_description":"El piloto argentino fue confirmado por FIM como piloto estable del Primer Mundial de \u00d3valos de Tierra que se correr\u00e1 durante el mes de octubre en Europa. El actual campe\u00f3n nacional de 450 recibi\u00f3 la invitaci\u00f3n oficial del Suzuki Grau Racing de Espa\u00f1a para sumarse al equipo.","og_url":"https:\/\/wander.com.ar\/website\/matias-frey-correra-el-mundial-de-flat-track\/","og_site_name":"Wander","article_publisher":"https:\/\/www.facebook.com\/wanderargentina.ok\/","article_published_time":"2020-10-05T22:47:23+00:00","article_modified_time":"2020-12-12T13:45:21+00:00","author":"Leonardo Girardi","twitter_card":"summary_large_image","twitter_misc":{"Escrito por":"Leonardo Girardi","Tiempo de lectura":"2 minutos"},"schema":{"@context":"https:\/\/schema.org","@graph":[{"@type":"Article","@id":"https:\/\/wander.com.ar\/website\/matias-frey-correra-el-mundial-de-flat-track\/#article","isPartOf":{"@id":"https:\/\/wander.com.ar\/website\/matias-frey-correra-el-mundial-de-flat-track\/"},"author":{"name":"Leonardo Girardi","@id":"https:\/\/wander.com.ar\/website\/#\/schema\/person\/881458e62efa9ec0a1770a77a5124e79"},"headline":"MATIAS FREY CORRER\u00c1 EL MUNDIAL DE FLAT TRACK","datePublished":"2020-10-05T22:47:23+00:00","dateModified":"2020-12-12T13:45:21+00:00","mainEntityOfPage":{"@id":"https:\/\/wander.com.ar\/website\/matias-frey-correra-el-mundial-de-flat-track\/"},"wordCount":470,"publisher":{"@id":"https:\/\/wander.com.ar\/website\/#organization"},"articleSection":["Novedades"],"inLanguage":"es"},{"@type":"WebPage","@id":"https:\/\/wander.com.ar\/website\/matias-frey-correra-el-mundial-de-flat-track\/","url":"https:\/\/wander.com.ar\/website\/matias-frey-correra-el-mundial-de-flat-track\/","name":"MATIAS FREY CORRER\u00c1 EL MUNDIAL DE FLAT TRACK -","isPartOf":{"@id":"https:\/\/wander.com.ar\/website\/#website"},"datePublished":"2020-10-05T22:47:23+00:00","dateModified":"2020-12-12T13:45:21+00:00","breadcrumb":{"@id":"https:\/\/wander.com.ar\/website\/matias-frey-correra-el-mundial-de-flat-track\/#breadcrumb"},"inLanguage":"es","potentialAction":[{"@type":"ReadAction","target":["https:\/\/wander.com.ar\/website\/matias-frey-correra-el-mundial-de-flat-track\/"]}]},{"@type":"BreadcrumbList","@id":"https:\/\/wander.com.ar\/website\/matias-frey-correra-el-mundial-de-flat-track\/#breadcrumb","itemListElement":[{"@type":"ListItem","position":1,"name":"Portada","item":"https:\/\/wander.com.ar\/website\/"},{"@type":"ListItem","position":2,"name":"MATIAS FREY CORRER\u00c1 EL MUNDIAL DE FLAT TRACK"}]},{"@type":"WebSite","@id":"https:\/\/wander.com.ar\/website\/#website","url":"https:\/\/wander.com.ar\/website\/","name":"Wander Argentina","description":"Productos para el mercado automotor","publisher":{"@id":"https:\/\/wander.com.ar\/website\/#organization"},"alternateName":"Wander","potentialAction":[{"@type":"SearchAction","target":{"@type":"EntryPoint","urlTemplate":"https:\/\/wander.com.ar\/website\/?s={search_term_string}"},"query-input":{"@type":"PropertyValueSpecification","valueRequired":true,"valueName":"search_term_string"}}],"inLanguage":"es"},{"@type":"Organization","@id":"https:\/\/wander.com.ar\/website\/#organization","name":"Wander Argentina","alternateName":"Wander","url":"https:\/\/wander.com.ar\/website\/","logo":{"@type":"ImageObject","inLanguage":"es","@id":"https:\/\/wander.com.ar\/website\/#\/schema\/logo\/image\/","url":"https:\/\/wander.com.ar\/website\/wp-content\/uploads\/wander_isologo_hor_pos.png","contentUrl":"https:\/\/wander.com.ar\/website\/wp-content\/uploads\/wander_isologo_hor_pos.png","width":951,"height":333,"caption":"Wander Argentina"},"image":{"@id":"https:\/\/wander.com.ar\/website\/#\/schema\/logo\/image\/"},"sameAs":["https:\/\/www.facebook.com\/wanderargentina.ok\/","https:\/\/www.youtube.com\/@WanderRacingTV","https:\/\/www.instagram.com\/wanderargentina.ok"]},{"@type":"Person","@id":"https:\/\/wander.com.ar\/website\/#\/schema\/person\/881458e62efa9ec0a1770a77a5124e79","name":"Leonardo Girardi","image":{"@type":"ImageObject","inLanguage":"es","@id":"https:\/\/wander.com.ar\/website\/#\/schema\/person\/image\/","url":"https:\/\/secure.gravatar.com\/avatar\/02bf58d0e5ec9a22b600363fbff5ea6c5dc0e4a05d54d3a32fcee24fba5e290f?s=96&d=mm&r=g","contentUrl":"https:\/\/secure.gravatar.com\/avatar\/02bf58d0e5ec9a22b600363fbff5ea6c5dc0e4a05d54d3a32fcee24fba5e290f?s=96&d=mm&r=g","caption":"Leonardo Girardi"},"sameAs":["https:\/\/wander.com.ar"],"url":"https:\/\/wander.com.ar\/website\/author\/leonardo\/"}]}},"_links":{"self":[{"href":"https:\/\/wander.com.ar\/website\/wp-json\/wp\/v2\/posts\/3700","targetHints":{"allow":["GET"]}}],"collection":[{"href":"https:\/\/wander.com.ar\/website\/wp-json\/wp\/v2\/posts"}],"about":[{"href":"https:\/\/wander.com.ar\/website\/wp-json\/wp\/v2\/types\/post"}],"author":[{"embeddable":true,"href":"https:\/\/wander.com.ar\/website\/wp-json\/wp\/v2\/users\/10"}],"replies":[{"embeddable":true,"href":"https:\/\/wander.com.ar\/website\/wp-json\/wp\/v2\/comments?post=3700"}],"version-history":[{"count":0,"href":"https:\/\/wander.com.ar\/website\/wp-json\/wp\/v2\/posts\/3700\/revisions"}],"wp:attachment":[{"href":"https:\/\/wander.com.ar\/website\/wp-json\/wp\/v2\/media?parent=3700"}],"wp:term":[{"taxonomy":"category","embeddable":true,"href":"https:\/\/wander.com.ar\/website\/wp-json\/wp\/v2\/categories?post=3700"},{"taxonomy":"post_tag","embeddable":true,"href":"https:\/\/wander.com.ar\/website\/wp-json\/wp\/v2\/tags?post=3700"}],"curies":[{"name":"wp","href":"https:\/\/api.w.org\/{rel}","templated":true}]}}