{"id":5441,"date":"2020-12-19T12:50:20","date_gmt":"2020-12-19T12:50:20","guid":{"rendered":"https:\/\/wander.com.ar\/website\/?p=5441"},"modified":"2026-04-30T14:17:16","modified_gmt":"2026-04-30T17:17:16","slug":"la-industria-de-la-moto-vive-su-momento","status":"publish","type":"post","link":"https:\/\/wander.com.ar\/website\/la-industria-de-la-moto-vive-su-momento\/","title":{"rendered":"La industria de la moto vive \u00absu momento\u00bb"},"content":{"rendered":"<h3>LA MOTO, LA ELEGIDA<\/h3>\n<p>En tiempos de pandemia y cuarentena, la industria argentina de la moto vive sensaciones encontradas. Por un lado, este a\u00f1o sus ventas est\u00e1n mejor de lo que se esperaba y en franco crecimiento. Pero, por otro lado, el Covid-19 hizo que sus f\u00e1bricas se paralizaran tres meses, que se demoraran pedidos de piezas importadas y que se ralentizara la producci\u00f3n. Los \u00faltimos n\u00fameros as\u00ed lo confirman.<br \/>\nEl patentamiento de motos registr\u00f3 un incremento del 23% interanual en octubre de 2020, seg\u00fan inform\u00f3 la Asociaci\u00f3n de Concesionarios de Automotores (Acara) y la C\u00e1mara de Fabricantes de Motoveh\u00edculos (Cafam).<br \/>\nLa Divisi\u00f3n Motoveh\u00edculos de Acara inform\u00f3 que el n\u00famero de unidades patentadas durante octubre fue de 28.828. Si la comparaci\u00f3n es contra el mismo mes de 2019, se observa un crecimiento interanual del 22,6%, ya que en ese mes se hab\u00edan registrado 23.520 (motocicletas, scooters, ciclomotores, cuatriciclos, entre otros).<br \/>\nEl acumulado de los diez meses transcurridos del a\u00f1o de pandemia ascendi\u00f3 a 218.968, un 23,4% menos que los 285.774 unidades del mismo per\u00edodo de 2019. Es decir que octubre ya alcanz\u00f3 el promedio mensual de 2019 y continua con tendencia creciente para los meses que restan del 2020.<\/p>\n<blockquote><p>La l\u00ednea de cr\u00e9ditos del Banco Naci\u00f3n proveer\u00e1 un financiamiento de hasta 200 mil pesos y garantizar\u00e1 la adjudicaci\u00f3n anticipada mediante pr\u00e9stamos personales.<\/p><\/blockquote>\n<h3>COSTOS A FAVOR<\/h3>\n<p>La actual pandemia puede influir positivamente en la actividad porque los motoveh\u00edculos son la alternativa ideal al servicio p\u00fablico de pasajeros, que hoy est\u00e1 relegado.<br \/>\nSumar l\u00edneas de cr\u00e9ditos en 36 cuotas y a una tasa subsidiada, ofrece una oportunidad inmejorable que hace que acceder a un motoveh\u00edculo sea la alternativa m\u00e1s conveniente.<br \/>\nPor tal motivo el Gobierno nacional confirm\u00f3 la extendi\u00f3 hasta el 31 de diciembre el plan Ahora 12\/18 para la compra de motos -entre muchos otros rubros- algo que en el sector consideran \u00abvital\u00bb.<br \/>\nDurante los \u00faltimos 5 meses las ventas siempre fueron mayores a las del mes anterior y en valores cercanos a las dos cifras y se incrementar\u00e1 con las medidas para solventar los costos.<\/p>\n<p>La l\u00ednea de cr\u00e9ditos del Banco Naci\u00f3n proveer\u00e1 un financiamiento de hasta 200 mil pesos y garantizar\u00e1 la adjudicaci\u00f3n anticipada mediante pr\u00e9stamos personales. Habr\u00e1 40 modelos de motocicletas disponibles, de 16 marcas que representan el 90% del mercado nacional.<br \/>\nSeg\u00fan informaron fuentes oficiales del programa, la tasa fija subsidiada ser\u00e1 del 28,5 por ciento para clientes del Banco Naci\u00f3n o de 37,5% para quienes no cobren sus haberes en esa entidad. Las marcas que participan son Beta, TVS, Corven, Bajaj, Brava, Keller, Gilera, Honda, Mondial, Kymco, Motomel, Keeway, Benelli, Guerrero, Okinoi y Zanella.<\/p>\n<p>&nbsp;<\/p>\n<div class='et-box et-shadow'>\n\t\t\t\t\t<div class='et-box-content'>Las ventas diarias fueron las m\u00e1s altas del a\u00f1o (1.373 unidades por d\u00eda h\u00e1bil), lo que parece indicar que la din\u00e1mica del mercado se mantiene en positivo. En cuanto a la participaci\u00f3n por marcas, no hay cambios de posiciones en los cuatro primeros puestos con respecto al mes pasado. Honda lidera el mercado con 6.691 unidades, seguida por Motomel con 4.261, Corven tercera con 3.330 y Gilera en cuarta con 3.131 unidades y Zanella se suma al quinto lugar con 1.608 unidades. En cuanto al modelo m\u00e1s patentado, la Honda Wave 110S retoma el liderazgo (que supo tener durante a\u00f1os) por segundo mes consecutivo y env\u00eda a la Gilera Smash al segundo lugar, mientras que la Motomel B110 retoma la tercera posici\u00f3n.<\/div><\/div>\n<p>&nbsp;<\/p>\n","protected":false},"excerpt":{"rendered":"<p>El costo menor frente a la compra de un auto, los planes con facilidades de pago y el bajo costo de mantenimiento, son algunos factores determinantes, como as\u00ed tambi\u00e9n el precio de estacionamiento m\u00e1s accesible. Desde el sector destacan que hay un incremento en el inter\u00e9s por la motocicleta como medio de transporte, protagonista en pandemia y \u201cla nueva normalidad\u201d.<\/p>\n","protected":false},"author":10,"featured_media":5443,"comment_status":"closed","ping_status":"closed","sticky":false,"template":"","format":"standard","meta":{"_et_pb_use_builder":"","_et_pb_old_content":"","_et_gb_content_width":"","footnotes":""},"categories":[545],"tags":[],"class_list":["post-5441","post","type-post","status-publish","format-standard","has-post-thumbnail","hentry","category-voces-del-sector"],"yoast_head":"<!-- This site is optimized with the Yoast SEO plugin v23.9 - https:\/\/yoast.com\/wordpress\/plugins\/seo\/ -->\n<title>La industria de la moto vive &quot;su momento&quot; -<\/title>\n<meta name=\"robots\" content=\"noindex, follow\" \/>\n<meta property=\"og:locale\" content=\"es_ES\" \/>\n<meta property=\"og:type\" content=\"article\" \/>\n<meta property=\"og:title\" content=\"La industria de la moto vive &quot;su momento&quot; -\" \/>\n<meta property=\"og:description\" content=\"El costo menor frente a la compra de un auto, los planes con facilidades de pago y el bajo costo de mantenimiento, son algunos factores determinantes, como as\u00ed tambi\u00e9n el precio de estacionamiento m\u00e1s accesible. Desde el sector destacan que hay un incremento en el inter\u00e9s por la motocicleta como medio de transporte, protagonista en pandemia y \u201cla nueva normalidad\u201d.\" \/>\n<meta property=\"og:url\" content=\"https:\/\/wander.com.ar\/website\/la-industria-de-la-moto-vive-su-momento\/\" \/>\n<meta property=\"og:site_name\" content=\"Wander\" \/>\n<meta property=\"article:publisher\" content=\"https:\/\/www.facebook.com\/wanderargentina.ok\/\" \/>\n<meta property=\"article:published_time\" content=\"2020-12-19T12:50:20+00:00\" \/>\n<meta property=\"article:modified_time\" content=\"2026-04-30T17:17:16+00:00\" \/>\n<meta property=\"og:image\" content=\"https:\/\/wander.com.ar\/website\/wp-content\/uploads\/moto1.jpg\" \/>\n\t<meta property=\"og:image:width\" content=\"1500\" \/>\n\t<meta property=\"og:image:height\" content=\"1000\" \/>\n\t<meta property=\"og:image:type\" content=\"image\/jpeg\" \/>\n<meta name=\"author\" content=\"Leonardo Girardi\" \/>\n<meta name=\"twitter:card\" content=\"summary_large_image\" \/>\n<meta name=\"twitter:label1\" content=\"Escrito por\" \/>\n\t<meta name=\"twitter:data1\" content=\"Leonardo Girardi\" \/>\n\t<meta name=\"twitter:label2\" content=\"Tiempo de lectura\" \/>\n\t<meta name=\"twitter:data2\" content=\"3 minutos\" \/>\n<script type=\"application\/ld+json\" class=\"yoast-schema-graph\">{\"@context\":\"https:\/\/schema.org\",\"@graph\":[{\"@type\":\"Article\",\"@id\":\"https:\/\/wander.com.ar\/website\/la-industria-de-la-moto-vive-su-momento\/#article\",\"isPartOf\":{\"@id\":\"https:\/\/wander.com.ar\/website\/la-industria-de-la-moto-vive-su-momento\/\"},\"author\":{\"name\":\"Leonardo Girardi\",\"@id\":\"https:\/\/wander.com.ar\/website\/#\/schema\/person\/881458e62efa9ec0a1770a77a5124e79\"},\"headline\":\"La industria de la moto vive \u00absu momento\u00bb\",\"datePublished\":\"2020-12-19T12:50:20+00:00\",\"dateModified\":\"2026-04-30T17:17:16+00:00\",\"mainEntityOfPage\":{\"@id\":\"https:\/\/wander.com.ar\/website\/la-industria-de-la-moto-vive-su-momento\/\"},\"wordCount\":587,\"publisher\":{\"@id\":\"https:\/\/wander.com.ar\/website\/#organization\"},\"image\":{\"@id\":\"https:\/\/wander.com.ar\/website\/la-industria-de-la-moto-vive-su-momento\/#primaryimage\"},\"thumbnailUrl\":\"https:\/\/wander.com.ar\/website\/wp-content\/uploads\/moto1.jpg\",\"articleSection\":[\"Voces del sector\"],\"inLanguage\":\"es\"},{\"@type\":\"WebPage\",\"@id\":\"https:\/\/wander.com.ar\/website\/la-industria-de-la-moto-vive-su-momento\/\",\"url\":\"https:\/\/wander.com.ar\/website\/la-industria-de-la-moto-vive-su-momento\/\",\"name\":\"La industria de la moto vive \\\"su momento\\\" -\",\"isPartOf\":{\"@id\":\"https:\/\/wander.com.ar\/website\/#website\"},\"primaryImageOfPage\":{\"@id\":\"https:\/\/wander.com.ar\/website\/la-industria-de-la-moto-vive-su-momento\/#primaryimage\"},\"image\":{\"@id\":\"https:\/\/wander.com.ar\/website\/la-industria-de-la-moto-vive-su-momento\/#primaryimage\"},\"thumbnailUrl\":\"https:\/\/wander.com.ar\/website\/wp-content\/uploads\/moto1.jpg\",\"datePublished\":\"2020-12-19T12:50:20+00:00\",\"dateModified\":\"2026-04-30T17:17:16+00:00\",\"breadcrumb\":{\"@id\":\"https:\/\/wander.com.ar\/website\/la-industria-de-la-moto-vive-su-momento\/#breadcrumb\"},\"inLanguage\":\"es\",\"potentialAction\":[{\"@type\":\"ReadAction\",\"target\":[\"https:\/\/wander.com.ar\/website\/la-industria-de-la-moto-vive-su-momento\/\"]}]},{\"@type\":\"ImageObject\",\"inLanguage\":\"es\",\"@id\":\"https:\/\/wander.com.ar\/website\/la-industria-de-la-moto-vive-su-momento\/#primaryimage\",\"url\":\"https:\/\/wander.com.ar\/website\/wp-content\/uploads\/moto1.jpg\",\"contentUrl\":\"https:\/\/wander.com.ar\/website\/wp-content\/uploads\/moto1.jpg\",\"width\":1500,\"height\":1000},{\"@type\":\"BreadcrumbList\",\"@id\":\"https:\/\/wander.com.ar\/website\/la-industria-de-la-moto-vive-su-momento\/#breadcrumb\",\"itemListElement\":[{\"@type\":\"ListItem\",\"position\":1,\"name\":\"Portada\",\"item\":\"https:\/\/wander.com.ar\/website\/\"},{\"@type\":\"ListItem\",\"position\":2,\"name\":\"La industria de la moto vive \u00absu momento\u00bb\"}]},{\"@type\":\"WebSite\",\"@id\":\"https:\/\/wander.com.ar\/website\/#website\",\"url\":\"https:\/\/wander.com.ar\/website\/\",\"name\":\"Wander Argentina\",\"description\":\"Productos para el mercado automotor\",\"publisher\":{\"@id\":\"https:\/\/wander.com.ar\/website\/#organization\"},\"alternateName\":\"Wander\",\"potentialAction\":[{\"@type\":\"SearchAction\",\"target\":{\"@type\":\"EntryPoint\",\"urlTemplate\":\"https:\/\/wander.com.ar\/website\/?s={search_term_string}\"},\"query-input\":{\"@type\":\"PropertyValueSpecification\",\"valueRequired\":true,\"valueName\":\"search_term_string\"}}],\"inLanguage\":\"es\"},{\"@type\":\"Organization\",\"@id\":\"https:\/\/wander.com.ar\/website\/#organization\",\"name\":\"Wander Argentina\",\"alternateName\":\"Wander\",\"url\":\"https:\/\/wander.com.ar\/website\/\",\"logo\":{\"@type\":\"ImageObject\",\"inLanguage\":\"es\",\"@id\":\"https:\/\/wander.com.ar\/website\/#\/schema\/logo\/image\/\",\"url\":\"https:\/\/wander.com.ar\/website\/wp-content\/uploads\/wander_isologo_hor_pos.png\",\"contentUrl\":\"https:\/\/wander.com.ar\/website\/wp-content\/uploads\/wander_isologo_hor_pos.png\",\"width\":951,\"height\":333,\"caption\":\"Wander Argentina\"},\"image\":{\"@id\":\"https:\/\/wander.com.ar\/website\/#\/schema\/logo\/image\/\"},\"sameAs\":[\"https:\/\/www.facebook.com\/wanderargentina.ok\/\",\"https:\/\/www.youtube.com\/@WanderRacingTV\",\"https:\/\/www.instagram.com\/wanderargentina.ok\"]},{\"@type\":\"Person\",\"@id\":\"https:\/\/wander.com.ar\/website\/#\/schema\/person\/881458e62efa9ec0a1770a77a5124e79\",\"name\":\"Leonardo Girardi\",\"image\":{\"@type\":\"ImageObject\",\"inLanguage\":\"es\",\"@id\":\"https:\/\/wander.com.ar\/website\/#\/schema\/person\/image\/\",\"url\":\"https:\/\/secure.gravatar.com\/avatar\/02bf58d0e5ec9a22b600363fbff5ea6c5dc0e4a05d54d3a32fcee24fba5e290f?s=96&d=mm&r=g\",\"contentUrl\":\"https:\/\/secure.gravatar.com\/avatar\/02bf58d0e5ec9a22b600363fbff5ea6c5dc0e4a05d54d3a32fcee24fba5e290f?s=96&d=mm&r=g\",\"caption\":\"Leonardo Girardi\"},\"sameAs\":[\"https:\/\/wander.com.ar\"],\"url\":\"https:\/\/wander.com.ar\/website\/author\/leonardo\/\"}]}<\/script>\n<!-- \/ Yoast SEO plugin. -->","yoast_head_json":{"title":"La industria de la moto vive \"su momento\" -","robots":{"index":"noindex","follow":"follow"},"og_locale":"es_ES","og_type":"article","og_title":"La industria de la moto vive \"su momento\" -","og_description":"El costo menor frente a la compra de un auto, los planes con facilidades de pago y el bajo costo de mantenimiento, son algunos factores determinantes, como as\u00ed tambi\u00e9n el precio de estacionamiento m\u00e1s accesible. Desde el sector destacan que hay un incremento en el inter\u00e9s por la motocicleta como medio de transporte, protagonista en pandemia y \u201cla nueva normalidad\u201d.","og_url":"https:\/\/wander.com.ar\/website\/la-industria-de-la-moto-vive-su-momento\/","og_site_name":"Wander","article_publisher":"https:\/\/www.facebook.com\/wanderargentina.ok\/","article_published_time":"2020-12-19T12:50:20+00:00","article_modified_time":"2026-04-30T17:17:16+00:00","og_image":[{"width":1500,"height":1000,"url":"https:\/\/wander.com.ar\/website\/wp-content\/uploads\/moto1.jpg","type":"image\/jpeg"}],"author":"Leonardo Girardi","twitter_card":"summary_large_image","twitter_misc":{"Escrito por":"Leonardo Girardi","Tiempo de lectura":"3 minutos"},"schema":{"@context":"https:\/\/schema.org","@graph":[{"@type":"Article","@id":"https:\/\/wander.com.ar\/website\/la-industria-de-la-moto-vive-su-momento\/#article","isPartOf":{"@id":"https:\/\/wander.com.ar\/website\/la-industria-de-la-moto-vive-su-momento\/"},"author":{"name":"Leonardo Girardi","@id":"https:\/\/wander.com.ar\/website\/#\/schema\/person\/881458e62efa9ec0a1770a77a5124e79"},"headline":"La industria de la moto vive \u00absu momento\u00bb","datePublished":"2020-12-19T12:50:20+00:00","dateModified":"2026-04-30T17:17:16+00:00","mainEntityOfPage":{"@id":"https:\/\/wander.com.ar\/website\/la-industria-de-la-moto-vive-su-momento\/"},"wordCount":587,"publisher":{"@id":"https:\/\/wander.com.ar\/website\/#organization"},"image":{"@id":"https:\/\/wander.com.ar\/website\/la-industria-de-la-moto-vive-su-momento\/#primaryimage"},"thumbnailUrl":"https:\/\/wander.com.ar\/website\/wp-content\/uploads\/moto1.jpg","articleSection":["Voces del sector"],"inLanguage":"es"},{"@type":"WebPage","@id":"https:\/\/wander.com.ar\/website\/la-industria-de-la-moto-vive-su-momento\/","url":"https:\/\/wander.com.ar\/website\/la-industria-de-la-moto-vive-su-momento\/","name":"La industria de la moto vive \"su momento\" -","isPartOf":{"@id":"https:\/\/wander.com.ar\/website\/#website"},"primaryImageOfPage":{"@id":"https:\/\/wander.com.ar\/website\/la-industria-de-la-moto-vive-su-momento\/#primaryimage"},"image":{"@id":"https:\/\/wander.com.ar\/website\/la-industria-de-la-moto-vive-su-momento\/#primaryimage"},"thumbnailUrl":"https:\/\/wander.com.ar\/website\/wp-content\/uploads\/moto1.jpg","datePublished":"2020-12-19T12:50:20+00:00","dateModified":"2026-04-30T17:17:16+00:00","breadcrumb":{"@id":"https:\/\/wander.com.ar\/website\/la-industria-de-la-moto-vive-su-momento\/#breadcrumb"},"inLanguage":"es","potentialAction":[{"@type":"ReadAction","target":["https:\/\/wander.com.ar\/website\/la-industria-de-la-moto-vive-su-momento\/"]}]},{"@type":"ImageObject","inLanguage":"es","@id":"https:\/\/wander.com.ar\/website\/la-industria-de-la-moto-vive-su-momento\/#primaryimage","url":"https:\/\/wander.com.ar\/website\/wp-content\/uploads\/moto1.jpg","contentUrl":"https:\/\/wander.com.ar\/website\/wp-content\/uploads\/moto1.jpg","width":1500,"height":1000},{"@type":"BreadcrumbList","@id":"https:\/\/wander.com.ar\/website\/la-industria-de-la-moto-vive-su-momento\/#breadcrumb","itemListElement":[{"@type":"ListItem","position":1,"name":"Portada","item":"https:\/\/wander.com.ar\/website\/"},{"@type":"ListItem","position":2,"name":"La industria de la moto vive \u00absu momento\u00bb"}]},{"@type":"WebSite","@id":"https:\/\/wander.com.ar\/website\/#website","url":"https:\/\/wander.com.ar\/website\/","name":"Wander Argentina","description":"Productos para el mercado automotor","publisher":{"@id":"https:\/\/wander.com.ar\/website\/#organization"},"alternateName":"Wander","potentialAction":[{"@type":"SearchAction","target":{"@type":"EntryPoint","urlTemplate":"https:\/\/wander.com.ar\/website\/?s={search_term_string}"},"query-input":{"@type":"PropertyValueSpecification","valueRequired":true,"valueName":"search_term_string"}}],"inLanguage":"es"},{"@type":"Organization","@id":"https:\/\/wander.com.ar\/website\/#organization","name":"Wander Argentina","alternateName":"Wander","url":"https:\/\/wander.com.ar\/website\/","logo":{"@type":"ImageObject","inLanguage":"es","@id":"https:\/\/wander.com.ar\/website\/#\/schema\/logo\/image\/","url":"https:\/\/wander.com.ar\/website\/wp-content\/uploads\/wander_isologo_hor_pos.png","contentUrl":"https:\/\/wander.com.ar\/website\/wp-content\/uploads\/wander_isologo_hor_pos.png","width":951,"height":333,"caption":"Wander Argentina"},"image":{"@id":"https:\/\/wander.com.ar\/website\/#\/schema\/logo\/image\/"},"sameAs":["https:\/\/www.facebook.com\/wanderargentina.ok\/","https:\/\/www.youtube.com\/@WanderRacingTV","https:\/\/www.instagram.com\/wanderargentina.ok"]},{"@type":"Person","@id":"https:\/\/wander.com.ar\/website\/#\/schema\/person\/881458e62efa9ec0a1770a77a5124e79","name":"Leonardo Girardi","image":{"@type":"ImageObject","inLanguage":"es","@id":"https:\/\/wander.com.ar\/website\/#\/schema\/person\/image\/","url":"https:\/\/secure.gravatar.com\/avatar\/02bf58d0e5ec9a22b600363fbff5ea6c5dc0e4a05d54d3a32fcee24fba5e290f?s=96&d=mm&r=g","contentUrl":"https:\/\/secure.gravatar.com\/avatar\/02bf58d0e5ec9a22b600363fbff5ea6c5dc0e4a05d54d3a32fcee24fba5e290f?s=96&d=mm&r=g","caption":"Leonardo Girardi"},"sameAs":["https:\/\/wander.com.ar"],"url":"https:\/\/wander.com.ar\/website\/author\/leonardo\/"}]}},"_links":{"self":[{"href":"https:\/\/wander.com.ar\/website\/wp-json\/wp\/v2\/posts\/5441","targetHints":{"allow":["GET"]}}],"collection":[{"href":"https:\/\/wander.com.ar\/website\/wp-json\/wp\/v2\/posts"}],"about":[{"href":"https:\/\/wander.com.ar\/website\/wp-json\/wp\/v2\/types\/post"}],"author":[{"embeddable":true,"href":"https:\/\/wander.com.ar\/website\/wp-json\/wp\/v2\/users\/10"}],"replies":[{"embeddable":true,"href":"https:\/\/wander.com.ar\/website\/wp-json\/wp\/v2\/comments?post=5441"}],"version-history":[{"count":1,"href":"https:\/\/wander.com.ar\/website\/wp-json\/wp\/v2\/posts\/5441\/revisions"}],"predecessor-version":[{"id":8397,"href":"https:\/\/wander.com.ar\/website\/wp-json\/wp\/v2\/posts\/5441\/revisions\/8397"}],"wp:featuredmedia":[{"embeddable":true,"href":"https:\/\/wander.com.ar\/website\/wp-json\/wp\/v2\/media\/5443"}],"wp:attachment":[{"href":"https:\/\/wander.com.ar\/website\/wp-json\/wp\/v2\/media?parent=5441"}],"wp:term":[{"taxonomy":"category","embeddable":true,"href":"https:\/\/wander.com.ar\/website\/wp-json\/wp\/v2\/categories?post=5441"},{"taxonomy":"post_tag","embeddable":true,"href":"https:\/\/wander.com.ar\/website\/wp-json\/wp\/v2\/tags?post=5441"}],"curies":[{"name":"wp","href":"https:\/\/api.w.org\/{rel}","templated":true}]}}