{"id":5671,"date":"2021-03-29T13:25:32","date_gmt":"2021-03-29T13:25:32","guid":{"rendered":"https:\/\/wander.com.ar\/website\/?p=5671"},"modified":"2021-03-29T14:12:18","modified_gmt":"2021-03-29T14:12:18","slug":"carreras-la-pasion-intacta","status":"publish","type":"post","link":"https:\/\/wander.com.ar\/website\/carreras-la-pasion-intacta\/","title":{"rendered":"CARRERAS: LA PASI\u00d3N INTACTA"},"content":{"rendered":"<p>Despu\u00e9s de 11 meses de inactividad regres\u00f3 el motociclismo de \u00f3valos de tierra. De marzo de 2020 a febrero de 2021 solo hubo una \u00fanica fecha \u00fanica fecha de CAM, a dos carreras, con una multitudinaria convocatoria de pilotos en pista.<br>Suardi y G\u00e1lvez fueron las puntas de lanza que despertaron una peque\u00f1a esperanza hacia la vuelta a la normalidad y lo hicieron de la mejor manera: 192 y 280 motos respectivamente en cada fecha. Suardi con el Zonal Sancristobalense y G\u00e1lvez con el Zonal del Centro Santafesino, le dieron vida al retorno de una pasi\u00f3n intacta a\u00fan con ausencia de p\u00fablico por protocolos sanitarios. Ambas ciudades santafesinas dejaron en claro que la incertidumbre por el comienzo del Certamen Argentino de Motociclismo es s\u00f3lo cuesti\u00f3n de cambiar y tomar decisiones para lograr la habilitaci\u00f3n en el medio de la emergencia sanitaria.Volver gradualmente a la normalidad, con el compromiso de observar los cuidados necesarios para cuidar la salud de todos.<\/p>\n<p><strong>EL REGRESO<\/strong><br>La Federaci\u00f3n Regional 4 de Motociclismo Deportivo puso en vigencia, durante el 2021, un total de tres fechas de un Torneo de Verano denominado \u201cCopa Jos\u00e9 Pascual Airasca\u201d. El mismo se inici\u00f3 en Suardi, continu\u00f3 en G\u00e1lvez y tendr\u00e1 cierre en Ramona. La jornada inaugural correspondi\u00f3 al Zonal Sancristobalense con un total de 192 motos en pista, entre las categor\u00edas menores y mayores, y se realiz\u00f3 de manera tanto diurna como nocturna.<br>Para la carrera disputada en G\u00e1lvez, correspondiente al Zonal del Centro Santafesino, las expectativas aumentaron y las 290 motos en el circuito obligaron a desdoblar la fecha entre s\u00e1bado y domingo. Fue clara la necesidad de carreras, la ansiedad que despierta una pasi\u00f3n que aument\u00f3 por la falta de normalidad. Las carreras volvieron y los pilotos CAM se hicieron presentes. Las condiciones a\u00fan no est\u00e1n dadas pero, si se dan los cambios necesarios, podemos so\u00f1ar a corto plazo con la vuelta del Certamen Argentino de Motociclismo.<\/p>\n<p><\/p>\n\n\n<div class=\"wp-block-group\"><div class=\"wp-block-group__inner-container is-layout-flow wp-block-group-is-layout-flow\">\n<figure class=\"wp-block-gallery columns-3 is-cropped wp-block-gallery-1 is-layout-flex wp-block-gallery-is-layout-flex\"><ul class=\"blocks-gallery-grid\"><li class=\"blocks-gallery-item\"><figure><img loading=\"lazy\" decoding=\"async\" width=\"2560\" height=\"1701\" src=\"https:\/\/wander.com.ar\/website\/wp-content\/uploads\/arangio_varas-scaled.jpg\" alt=\"\" data-id=\"5673\" data-full-url=\"https:\/\/wander.com.ar\/website\/wp-content\/uploads\/arangio_varas-scaled.jpg\" data-link=\"https:\/\/wander.com.ar\/website\/carreras-la-pasion-intacta\/arangio_varas\/\" class=\"wp-image-5673\" srcset=\"https:\/\/wander.com.ar\/website\/wp-content\/uploads\/arangio_varas-scaled.jpg 2560w, https:\/\/wander.com.ar\/website\/wp-content\/uploads\/arangio_varas-scaled-1280x851.jpg 1280w, https:\/\/wander.com.ar\/website\/wp-content\/uploads\/arangio_varas-scaled-980x651.jpg 980w, https:\/\/wander.com.ar\/website\/wp-content\/uploads\/arangio_varas-scaled-480x319.jpg 480w\" sizes=\"(min-width: 0px) and (max-width: 480px) 480px, (min-width: 481px) and (max-width: 980px) 980px, (min-width: 981px) and (max-width: 1280px) 1280px, (min-width: 1281px) 2560px, 100vw\" \/><\/figure><\/li><li class=\"blocks-gallery-item\"><figure><img loading=\"lazy\" decoding=\"async\" width=\"2560\" height=\"1701\" src=\"https:\/\/wander.com.ar\/website\/wp-content\/uploads\/matias_frey-scaled.jpg\" alt=\"\" data-id=\"5677\" data-full-url=\"https:\/\/wander.com.ar\/website\/wp-content\/uploads\/matias_frey-scaled.jpg\" data-link=\"https:\/\/wander.com.ar\/website\/carreras-la-pasion-intacta\/matias_frey\/\" class=\"wp-image-5677\" srcset=\"https:\/\/wander.com.ar\/website\/wp-content\/uploads\/matias_frey-scaled.jpg 2560w, https:\/\/wander.com.ar\/website\/wp-content\/uploads\/matias_frey-scaled-1280x851.jpg 1280w, https:\/\/wander.com.ar\/website\/wp-content\/uploads\/matias_frey-scaled-980x651.jpg 980w, https:\/\/wander.com.ar\/website\/wp-content\/uploads\/matias_frey-scaled-480x319.jpg 480w\" sizes=\"(min-width: 0px) and (max-width: 480px) 480px, (min-width: 481px) and (max-width: 980px) 980px, (min-width: 981px) and (max-width: 1280px) 1280px, (min-width: 1281px) 2560px, 100vw\" \/><\/figure><\/li><li class=\"blocks-gallery-item\"><figure><img loading=\"lazy\" decoding=\"async\" width=\"2560\" height=\"1701\" src=\"https:\/\/wander.com.ar\/website\/wp-content\/uploads\/Matias-Lorenzato-scaled.jpg\" alt=\"\" data-id=\"5676\" data-full-url=\"https:\/\/wander.com.ar\/website\/wp-content\/uploads\/Matias-Lorenzato-scaled.jpg\" data-link=\"https:\/\/wander.com.ar\/website\/carreras-la-pasion-intacta\/matias-lorenzato\/\" class=\"wp-image-5676\" srcset=\"https:\/\/wander.com.ar\/website\/wp-content\/uploads\/Matias-Lorenzato-scaled.jpg 2560w, https:\/\/wander.com.ar\/website\/wp-content\/uploads\/Matias-Lorenzato-scaled-1280x851.jpg 1280w, https:\/\/wander.com.ar\/website\/wp-content\/uploads\/Matias-Lorenzato-scaled-980x651.jpg 980w, https:\/\/wander.com.ar\/website\/wp-content\/uploads\/Matias-Lorenzato-scaled-480x319.jpg 480w\" sizes=\"(min-width: 0px) and (max-width: 480px) 480px, (min-width: 481px) and (max-width: 980px) 980px, (min-width: 981px) and (max-width: 1280px) 1280px, (min-width: 1281px) 2560px, 100vw\" \/><\/figure><\/li><\/ul><\/figure>\n<\/div><\/div>\n\n\n\n<div class=\"wp-block-columns has-background is-layout-flex wp-container-core-columns-is-layout-9d6595d7 wp-block-columns-is-layout-flex\" style=\"background-color:#fafbf7\">\n<div class=\"wp-block-column is-layout-flow wp-block-column-is-layout-flow\">\n<p><strong>RESULTADOS PILOTOS WANDER RACING<\/strong><br>Copa \u201cJos\u00e9 Pascual Airasca\u201d de Motociclismo de Ovalos<br>2\u00b0 Fecha Torneo de Verano \u00b7 Galvez \u00b7 Finales<\/p>\n\n\n\n<p><strong>MAXIMILIANO VARAS<\/strong><br>1\u00b0 Puesto Categor\u00eda 450 Internacional<br>3\u00b0 Puesto Categor\u00eda 125 Graduados<\/p>\n\n\n\n<p><strong>MAT\u00cdAS FREY<\/strong><br>4\u00b0 Puesto Categor\u00eda 450 Internacional<br>4\u00b0 Puesto Categor\u00eda 125 Graduados<\/p>\n<\/div>\n\n\n\n<div class=\"wp-block-column is-layout-flow wp-block-column-is-layout-flow\">\n<p><strong>DAMI\u00c1N SOSA<\/strong><br>7\u00b0 Puesto Categor\u00eda 450 Internacional<br>16\u00b0 Puesto Categor\u00eda 125 Graduados<\/p>\n\n\n\n<p><strong>MAT\u00cdAS LORENZATO<\/strong><br>2\u00b0 Puesto Categor\u00eda 450 Internacional<br>6\u00b0 Puesto Categor\u00eda 125 Graduados<\/p>\n\n\n\n<p><strong>SANTIAGO ARANGIO<\/strong><br>13\u00b0 Puesto Categor\u00eda 450 Internacional<\/p>\n<\/div>\n<\/div>\n\n\n\n<p><\/p>\n","protected":false},"excerpt":{"rendered":"<p>El CAM no arranc\u00f3 pero s\u00ed lo hicieron las carreras de \u00f3valos con los Zonales del Centro y Sancristobalenses, los campeonatos menores del Certamen Argentino de Motociclismo. <\/p>\n","protected":false},"author":10,"featured_media":5675,"comment_status":"closed","ping_status":"closed","sticky":false,"template":"","format":"standard","meta":{"_et_pb_use_builder":"","_et_pb_old_content":"","_et_gb_content_width":"","footnotes":""},"categories":[377],"tags":[],"class_list":["post-5671","post","type-post","status-publish","format-standard","has-post-thumbnail","hentry","category-novedades"],"yoast_head":"<!-- This site is optimized with the Yoast SEO plugin v23.9 - https:\/\/yoast.com\/wordpress\/plugins\/seo\/ -->\n<title>CARRERAS: LA PASI\u00d3N INTACTA -<\/title>\n<meta name=\"description\" content=\"El CAM no arranc\u00f3 pero s\u00ed lo hicieron las carreras de \u00f3valos con los Zonales del Centro y Sancristobalense.\" \/>\n<meta name=\"robots\" content=\"noindex, follow\" \/>\n<meta property=\"og:locale\" content=\"es_ES\" \/>\n<meta property=\"og:type\" content=\"article\" \/>\n<meta property=\"og:title\" content=\"CARRERAS: LA PASI\u00d3N INTACTA -\" \/>\n<meta property=\"og:description\" content=\"El CAM no arranc\u00f3 pero s\u00ed lo hicieron las carreras de \u00f3valos con los Zonales del Centro y Sancristobalense.\" \/>\n<meta property=\"og:url\" content=\"https:\/\/wander.com.ar\/website\/carreras-la-pasion-intacta\/\" \/>\n<meta property=\"og:site_name\" content=\"Wander\" \/>\n<meta property=\"article:publisher\" content=\"https:\/\/www.facebook.com\/wanderargentina.ok\/\" \/>\n<meta property=\"article:published_time\" content=\"2021-03-29T13:25:32+00:00\" \/>\n<meta property=\"article:modified_time\" content=\"2021-03-29T14:12:18+00:00\" \/>\n<meta property=\"og:image\" content=\"https:\/\/wander.com.ar\/website\/wp-content\/uploads\/damian_sosa-scaled.jpg\" \/>\n\t<meta property=\"og:image:width\" content=\"2560\" \/>\n\t<meta property=\"og:image:height\" content=\"1701\" \/>\n\t<meta property=\"og:image:type\" content=\"image\/jpeg\" \/>\n<meta name=\"author\" content=\"Leonardo Girardi\" \/>\n<meta name=\"twitter:card\" content=\"summary_large_image\" \/>\n<meta name=\"twitter:label1\" content=\"Escrito por\" \/>\n\t<meta name=\"twitter:data1\" content=\"Leonardo Girardi\" \/>\n\t<meta name=\"twitter:label2\" content=\"Tiempo de lectura\" \/>\n\t<meta name=\"twitter:data2\" content=\"3 minutos\" \/>\n<script type=\"application\/ld+json\" class=\"yoast-schema-graph\">{\"@context\":\"https:\/\/schema.org\",\"@graph\":[{\"@type\":\"Article\",\"@id\":\"https:\/\/wander.com.ar\/website\/carreras-la-pasion-intacta\/#article\",\"isPartOf\":{\"@id\":\"https:\/\/wander.com.ar\/website\/carreras-la-pasion-intacta\/\"},\"author\":{\"name\":\"Leonardo Girardi\",\"@id\":\"https:\/\/wander.com.ar\/website\/#\/schema\/person\/881458e62efa9ec0a1770a77a5124e79\"},\"headline\":\"CARRERAS: LA PASI\u00d3N INTACTA\",\"datePublished\":\"2021-03-29T13:25:32+00:00\",\"dateModified\":\"2021-03-29T14:12:18+00:00\",\"mainEntityOfPage\":{\"@id\":\"https:\/\/wander.com.ar\/website\/carreras-la-pasion-intacta\/\"},\"wordCount\":402,\"publisher\":{\"@id\":\"https:\/\/wander.com.ar\/website\/#organization\"},\"image\":{\"@id\":\"https:\/\/wander.com.ar\/website\/carreras-la-pasion-intacta\/#primaryimage\"},\"thumbnailUrl\":\"https:\/\/wander.com.ar\/website\/wp-content\/uploads\/damian_sosa-scaled.jpg\",\"articleSection\":[\"Novedades\"],\"inLanguage\":\"es\"},{\"@type\":\"WebPage\",\"@id\":\"https:\/\/wander.com.ar\/website\/carreras-la-pasion-intacta\/\",\"url\":\"https:\/\/wander.com.ar\/website\/carreras-la-pasion-intacta\/\",\"name\":\"CARRERAS: LA PASI\u00d3N INTACTA -\",\"isPartOf\":{\"@id\":\"https:\/\/wander.com.ar\/website\/#website\"},\"primaryImageOfPage\":{\"@id\":\"https:\/\/wander.com.ar\/website\/carreras-la-pasion-intacta\/#primaryimage\"},\"image\":{\"@id\":\"https:\/\/wander.com.ar\/website\/carreras-la-pasion-intacta\/#primaryimage\"},\"thumbnailUrl\":\"https:\/\/wander.com.ar\/website\/wp-content\/uploads\/damian_sosa-scaled.jpg\",\"datePublished\":\"2021-03-29T13:25:32+00:00\",\"dateModified\":\"2021-03-29T14:12:18+00:00\",\"description\":\"El CAM no arranc\u00f3 pero s\u00ed lo hicieron las carreras de \u00f3valos con los Zonales del Centro y Sancristobalense.\",\"breadcrumb\":{\"@id\":\"https:\/\/wander.com.ar\/website\/carreras-la-pasion-intacta\/#breadcrumb\"},\"inLanguage\":\"es\",\"potentialAction\":[{\"@type\":\"ReadAction\",\"target\":[\"https:\/\/wander.com.ar\/website\/carreras-la-pasion-intacta\/\"]}]},{\"@type\":\"ImageObject\",\"inLanguage\":\"es\",\"@id\":\"https:\/\/wander.com.ar\/website\/carreras-la-pasion-intacta\/#primaryimage\",\"url\":\"https:\/\/wander.com.ar\/website\/wp-content\/uploads\/damian_sosa-scaled.jpg\",\"contentUrl\":\"https:\/\/wander.com.ar\/website\/wp-content\/uploads\/damian_sosa-scaled.jpg\",\"width\":2560,\"height\":1701},{\"@type\":\"BreadcrumbList\",\"@id\":\"https:\/\/wander.com.ar\/website\/carreras-la-pasion-intacta\/#breadcrumb\",\"itemListElement\":[{\"@type\":\"ListItem\",\"position\":1,\"name\":\"Portada\",\"item\":\"https:\/\/wander.com.ar\/website\/\"},{\"@type\":\"ListItem\",\"position\":2,\"name\":\"CARRERAS: LA PASI\u00d3N INTACTA\"}]},{\"@type\":\"WebSite\",\"@id\":\"https:\/\/wander.com.ar\/website\/#website\",\"url\":\"https:\/\/wander.com.ar\/website\/\",\"name\":\"Wander Argentina\",\"description\":\"Productos para el mercado automotor\",\"publisher\":{\"@id\":\"https:\/\/wander.com.ar\/website\/#organization\"},\"alternateName\":\"Wander\",\"potentialAction\":[{\"@type\":\"SearchAction\",\"target\":{\"@type\":\"EntryPoint\",\"urlTemplate\":\"https:\/\/wander.com.ar\/website\/?s={search_term_string}\"},\"query-input\":{\"@type\":\"PropertyValueSpecification\",\"valueRequired\":true,\"valueName\":\"search_term_string\"}}],\"inLanguage\":\"es\"},{\"@type\":\"Organization\",\"@id\":\"https:\/\/wander.com.ar\/website\/#organization\",\"name\":\"Wander Argentina\",\"alternateName\":\"Wander\",\"url\":\"https:\/\/wander.com.ar\/website\/\",\"logo\":{\"@type\":\"ImageObject\",\"inLanguage\":\"es\",\"@id\":\"https:\/\/wander.com.ar\/website\/#\/schema\/logo\/image\/\",\"url\":\"https:\/\/wander.com.ar\/website\/wp-content\/uploads\/wander_isologo_hor_pos.png\",\"contentUrl\":\"https:\/\/wander.com.ar\/website\/wp-content\/uploads\/wander_isologo_hor_pos.png\",\"width\":951,\"height\":333,\"caption\":\"Wander Argentina\"},\"image\":{\"@id\":\"https:\/\/wander.com.ar\/website\/#\/schema\/logo\/image\/\"},\"sameAs\":[\"https:\/\/www.facebook.com\/wanderargentina.ok\/\",\"https:\/\/www.youtube.com\/@WanderRacingTV\",\"https:\/\/www.instagram.com\/wanderargentina.ok\"]},{\"@type\":\"Person\",\"@id\":\"https:\/\/wander.com.ar\/website\/#\/schema\/person\/881458e62efa9ec0a1770a77a5124e79\",\"name\":\"Leonardo Girardi\",\"image\":{\"@type\":\"ImageObject\",\"inLanguage\":\"es\",\"@id\":\"https:\/\/wander.com.ar\/website\/#\/schema\/person\/image\/\",\"url\":\"https:\/\/secure.gravatar.com\/avatar\/02bf58d0e5ec9a22b600363fbff5ea6c5dc0e4a05d54d3a32fcee24fba5e290f?s=96&d=mm&r=g\",\"contentUrl\":\"https:\/\/secure.gravatar.com\/avatar\/02bf58d0e5ec9a22b600363fbff5ea6c5dc0e4a05d54d3a32fcee24fba5e290f?s=96&d=mm&r=g\",\"caption\":\"Leonardo Girardi\"},\"sameAs\":[\"https:\/\/wander.com.ar\"],\"url\":\"https:\/\/wander.com.ar\/website\/author\/leonardo\/\"}]}<\/script>\n<!-- \/ Yoast SEO plugin. -->","yoast_head_json":{"title":"CARRERAS: LA PASI\u00d3N INTACTA -","description":"El CAM no arranc\u00f3 pero s\u00ed lo hicieron las carreras de \u00f3valos con los Zonales del Centro y Sancristobalense.","robots":{"index":"noindex","follow":"follow"},"og_locale":"es_ES","og_type":"article","og_title":"CARRERAS: LA PASI\u00d3N INTACTA -","og_description":"El CAM no arranc\u00f3 pero s\u00ed lo hicieron las carreras de \u00f3valos con los Zonales del Centro y Sancristobalense.","og_url":"https:\/\/wander.com.ar\/website\/carreras-la-pasion-intacta\/","og_site_name":"Wander","article_publisher":"https:\/\/www.facebook.com\/wanderargentina.ok\/","article_published_time":"2021-03-29T13:25:32+00:00","article_modified_time":"2021-03-29T14:12:18+00:00","og_image":[{"width":2560,"height":1701,"url":"https:\/\/wander.com.ar\/website\/wp-content\/uploads\/damian_sosa-scaled.jpg","type":"image\/jpeg"}],"author":"Leonardo Girardi","twitter_card":"summary_large_image","twitter_misc":{"Escrito por":"Leonardo Girardi","Tiempo de lectura":"3 minutos"},"schema":{"@context":"https:\/\/schema.org","@graph":[{"@type":"Article","@id":"https:\/\/wander.com.ar\/website\/carreras-la-pasion-intacta\/#article","isPartOf":{"@id":"https:\/\/wander.com.ar\/website\/carreras-la-pasion-intacta\/"},"author":{"name":"Leonardo Girardi","@id":"https:\/\/wander.com.ar\/website\/#\/schema\/person\/881458e62efa9ec0a1770a77a5124e79"},"headline":"CARRERAS: LA PASI\u00d3N INTACTA","datePublished":"2021-03-29T13:25:32+00:00","dateModified":"2021-03-29T14:12:18+00:00","mainEntityOfPage":{"@id":"https:\/\/wander.com.ar\/website\/carreras-la-pasion-intacta\/"},"wordCount":402,"publisher":{"@id":"https:\/\/wander.com.ar\/website\/#organization"},"image":{"@id":"https:\/\/wander.com.ar\/website\/carreras-la-pasion-intacta\/#primaryimage"},"thumbnailUrl":"https:\/\/wander.com.ar\/website\/wp-content\/uploads\/damian_sosa-scaled.jpg","articleSection":["Novedades"],"inLanguage":"es"},{"@type":"WebPage","@id":"https:\/\/wander.com.ar\/website\/carreras-la-pasion-intacta\/","url":"https:\/\/wander.com.ar\/website\/carreras-la-pasion-intacta\/","name":"CARRERAS: LA PASI\u00d3N INTACTA -","isPartOf":{"@id":"https:\/\/wander.com.ar\/website\/#website"},"primaryImageOfPage":{"@id":"https:\/\/wander.com.ar\/website\/carreras-la-pasion-intacta\/#primaryimage"},"image":{"@id":"https:\/\/wander.com.ar\/website\/carreras-la-pasion-intacta\/#primaryimage"},"thumbnailUrl":"https:\/\/wander.com.ar\/website\/wp-content\/uploads\/damian_sosa-scaled.jpg","datePublished":"2021-03-29T13:25:32+00:00","dateModified":"2021-03-29T14:12:18+00:00","description":"El CAM no arranc\u00f3 pero s\u00ed lo hicieron las carreras de \u00f3valos con los Zonales del Centro y Sancristobalense.","breadcrumb":{"@id":"https:\/\/wander.com.ar\/website\/carreras-la-pasion-intacta\/#breadcrumb"},"inLanguage":"es","potentialAction":[{"@type":"ReadAction","target":["https:\/\/wander.com.ar\/website\/carreras-la-pasion-intacta\/"]}]},{"@type":"ImageObject","inLanguage":"es","@id":"https:\/\/wander.com.ar\/website\/carreras-la-pasion-intacta\/#primaryimage","url":"https:\/\/wander.com.ar\/website\/wp-content\/uploads\/damian_sosa-scaled.jpg","contentUrl":"https:\/\/wander.com.ar\/website\/wp-content\/uploads\/damian_sosa-scaled.jpg","width":2560,"height":1701},{"@type":"BreadcrumbList","@id":"https:\/\/wander.com.ar\/website\/carreras-la-pasion-intacta\/#breadcrumb","itemListElement":[{"@type":"ListItem","position":1,"name":"Portada","item":"https:\/\/wander.com.ar\/website\/"},{"@type":"ListItem","position":2,"name":"CARRERAS: LA PASI\u00d3N INTACTA"}]},{"@type":"WebSite","@id":"https:\/\/wander.com.ar\/website\/#website","url":"https:\/\/wander.com.ar\/website\/","name":"Wander Argentina","description":"Productos para el mercado automotor","publisher":{"@id":"https:\/\/wander.com.ar\/website\/#organization"},"alternateName":"Wander","potentialAction":[{"@type":"SearchAction","target":{"@type":"EntryPoint","urlTemplate":"https:\/\/wander.com.ar\/website\/?s={search_term_string}"},"query-input":{"@type":"PropertyValueSpecification","valueRequired":true,"valueName":"search_term_string"}}],"inLanguage":"es"},{"@type":"Organization","@id":"https:\/\/wander.com.ar\/website\/#organization","name":"Wander Argentina","alternateName":"Wander","url":"https:\/\/wander.com.ar\/website\/","logo":{"@type":"ImageObject","inLanguage":"es","@id":"https:\/\/wander.com.ar\/website\/#\/schema\/logo\/image\/","url":"https:\/\/wander.com.ar\/website\/wp-content\/uploads\/wander_isologo_hor_pos.png","contentUrl":"https:\/\/wander.com.ar\/website\/wp-content\/uploads\/wander_isologo_hor_pos.png","width":951,"height":333,"caption":"Wander Argentina"},"image":{"@id":"https:\/\/wander.com.ar\/website\/#\/schema\/logo\/image\/"},"sameAs":["https:\/\/www.facebook.com\/wanderargentina.ok\/","https:\/\/www.youtube.com\/@WanderRacingTV","https:\/\/www.instagram.com\/wanderargentina.ok"]},{"@type":"Person","@id":"https:\/\/wander.com.ar\/website\/#\/schema\/person\/881458e62efa9ec0a1770a77a5124e79","name":"Leonardo Girardi","image":{"@type":"ImageObject","inLanguage":"es","@id":"https:\/\/wander.com.ar\/website\/#\/schema\/person\/image\/","url":"https:\/\/secure.gravatar.com\/avatar\/02bf58d0e5ec9a22b600363fbff5ea6c5dc0e4a05d54d3a32fcee24fba5e290f?s=96&d=mm&r=g","contentUrl":"https:\/\/secure.gravatar.com\/avatar\/02bf58d0e5ec9a22b600363fbff5ea6c5dc0e4a05d54d3a32fcee24fba5e290f?s=96&d=mm&r=g","caption":"Leonardo Girardi"},"sameAs":["https:\/\/wander.com.ar"],"url":"https:\/\/wander.com.ar\/website\/author\/leonardo\/"}]}},"_links":{"self":[{"href":"https:\/\/wander.com.ar\/website\/wp-json\/wp\/v2\/posts\/5671","targetHints":{"allow":["GET"]}}],"collection":[{"href":"https:\/\/wander.com.ar\/website\/wp-json\/wp\/v2\/posts"}],"about":[{"href":"https:\/\/wander.com.ar\/website\/wp-json\/wp\/v2\/types\/post"}],"author":[{"embeddable":true,"href":"https:\/\/wander.com.ar\/website\/wp-json\/wp\/v2\/users\/10"}],"replies":[{"embeddable":true,"href":"https:\/\/wander.com.ar\/website\/wp-json\/wp\/v2\/comments?post=5671"}],"version-history":[{"count":0,"href":"https:\/\/wander.com.ar\/website\/wp-json\/wp\/v2\/posts\/5671\/revisions"}],"wp:featuredmedia":[{"embeddable":true,"href":"https:\/\/wander.com.ar\/website\/wp-json\/wp\/v2\/media\/5675"}],"wp:attachment":[{"href":"https:\/\/wander.com.ar\/website\/wp-json\/wp\/v2\/media?parent=5671"}],"wp:term":[{"taxonomy":"category","embeddable":true,"href":"https:\/\/wander.com.ar\/website\/wp-json\/wp\/v2\/categories?post=5671"},{"taxonomy":"post_tag","embeddable":true,"href":"https:\/\/wander.com.ar\/website\/wp-json\/wp\/v2\/tags?post=5671"}],"curies":[{"name":"wp","href":"https:\/\/api.w.org\/{rel}","templated":true}]}}