{"id":5705,"date":"2021-05-03T13:23:24","date_gmt":"2021-05-03T13:23:24","guid":{"rendered":"https:\/\/wander.com.ar\/website\/?p=5705"},"modified":"2021-05-03T13:28:55","modified_gmt":"2021-05-03T13:28:55","slug":"regresar-y-continuar-carreras-en-marcha","status":"publish","type":"post","link":"https:\/\/wander.com.ar\/website\/regresar-y-continuar-carreras-en-marcha\/","title":{"rendered":"REGRESAR y CONTINUAR: CARRERAS EN MARCHA"},"content":{"rendered":"<p>Cuatro meses intensos despu\u00e9s de nueve en espera. As\u00ed fue el comienzo de 2021, a pleno. Desde enero las ciudades de Laboulaye, Suardi, G\u00e1lvez y Ramona se sumaron al retorno del motociclismo deportivo, Luego le toc\u00f3 el turno a Justiniano Posse. Fueron 8 fines de semana de carreras, donde un promedio elevad\u00edsimo de pilotos oblig\u00f3 a desdoblar fechas. Se corrieron s\u00e1bados y domingos, por protocolos y seguridad. El comienzo tuvo continuidad y la respuesta masiva de los corredores. Crece la esperanza, aunque falte el p\u00fablico en los circuitos y la vuelta del CAM genere incertidumbre.<\/p>\n<p><strong>TRIUNFOS EN CADA FECHA<\/strong><br \/>\nLos pilotos Wander Racing fueron protagonistas en cada fin de semana de carreras. En G\u00e1lvez Maximiliano Varas volvi\u00f3 a quedarse con una final de 450 Internacional despu\u00e9s de 5 a\u00f1os sin ganar en una pista de CAM.<br \/>\nEn Ramona, Mat\u00edas Lorenzato y Gonzalo Delgado se adue\u00f1aron de los triunfos en las categor\u00edas 450 y 125 Internacional casi de manera contundente. Para la fecha del Campeonato de Ovalos de Laboulaye, el propio Lorenzato tambi\u00e9n puso su nombre entre los ganadores. El piloto de Mina Clavero gan\u00f3 en la Senior Pro (se corre con tacos en tierra movida) sobre el campe\u00f3n Juan Oliva.<br \/>\nEl \u00faltimo regreso a pista fue en Justiniano Posse, con el Campeonato del Sudeste Cordob\u00e9s. En el Circuito y Predio Municipal que lleva el nombre de Agust\u00edn Romero, el mundialista Mat\u00edas Frey debut\u00f3 y gan\u00f3 en 450 Internacional. En su primera vez en ese trazado, el piloto Wander se impuso en la serie y la final sobre Mat\u00edas Lorenzato, en dos grandes carreras.<\/p>\n\n\t\t<style type=\"text\/css\">\n\t\t\t#gallery-1 {\n\t\t\t\tmargin: auto;\n\t\t\t}\n\t\t\t#gallery-1 .gallery-item {\n\t\t\t\tfloat: left;\n\t\t\t\tmargin-top: 10px;\n\t\t\t\ttext-align: center;\n\t\t\t\twidth: 25%;\n\t\t\t}\n\t\t\t#gallery-1 img {\n\t\t\t\tborder: 2px solid #cfcfcf;\n\t\t\t}\n\t\t\t#gallery-1 .gallery-caption {\n\t\t\t\tmargin-left: 0;\n\t\t\t}\n\t\t\t\/* see gallery_shortcode() in wp-includes\/media.php *\/\n\t\t<\/style>\n\t\t<div id='gallery-1' class='gallery galleryid-5705 gallery-columns-4 gallery-size-large'><dl class='gallery-item'>\n\t\t\t<dt class='gallery-icon landscape'>\n\t\t\t\t<img loading=\"lazy\" decoding=\"async\" width=\"1000\" height=\"664\" src=\"https:\/\/wander.com.ar\/website\/wp-content\/uploads\/Delgado.jpg\" class=\"attachment-large size-large\" alt=\"\" aria-describedby=\"gallery-1-5708\" srcset=\"https:\/\/wander.com.ar\/website\/wp-content\/uploads\/Delgado.jpg 1000w, https:\/\/wander.com.ar\/website\/wp-content\/uploads\/Delgado-980x651.jpg 980w, https:\/\/wander.com.ar\/website\/wp-content\/uploads\/Delgado-480x319.jpg 480w\" sizes=\"(min-width: 0px) and (max-width: 480px) 480px, (min-width: 481px) and (max-width: 980px) 980px, (min-width: 981px) 1000px, 100vw\" \/>\n\t\t\t<\/dt>\n\t\t\t\t<dd class='wp-caption-text gallery-caption' id='gallery-1-5708'>\n\t\t\t\tGonzalo Delgado\n\t\t\t\t<\/dd><\/dl><dl class='gallery-item'>\n\t\t\t<dt class='gallery-icon landscape'>\n\t\t\t\t<img loading=\"lazy\" decoding=\"async\" width=\"1000\" height=\"664\" src=\"https:\/\/wander.com.ar\/website\/wp-content\/uploads\/Matias-Frey-450.jpg\" class=\"attachment-large size-large\" alt=\"\" aria-describedby=\"gallery-1-5710\" srcset=\"https:\/\/wander.com.ar\/website\/wp-content\/uploads\/Matias-Frey-450.jpg 1000w, https:\/\/wander.com.ar\/website\/wp-content\/uploads\/Matias-Frey-450-980x651.jpg 980w, https:\/\/wander.com.ar\/website\/wp-content\/uploads\/Matias-Frey-450-480x319.jpg 480w\" sizes=\"(min-width: 0px) and (max-width: 480px) 480px, (min-width: 481px) and (max-width: 980px) 980px, (min-width: 981px) 1000px, 100vw\" \/>\n\t\t\t<\/dt>\n\t\t\t\t<dd class='wp-caption-text gallery-caption' id='gallery-1-5710'>\n\t\t\t\tMat\u00edas Frey\n\t\t\t\t<\/dd><\/dl><dl class='gallery-item'>\n\t\t\t<dt class='gallery-icon landscape'>\n\t\t\t\t<img loading=\"lazy\" decoding=\"async\" width=\"1000\" height=\"664\" src=\"https:\/\/wander.com.ar\/website\/wp-content\/uploads\/Maximiliano-Varas-125.jpg\" class=\"attachment-large size-large\" alt=\"\" aria-describedby=\"gallery-1-5711\" srcset=\"https:\/\/wander.com.ar\/website\/wp-content\/uploads\/Maximiliano-Varas-125.jpg 1000w, https:\/\/wander.com.ar\/website\/wp-content\/uploads\/Maximiliano-Varas-125-980x651.jpg 980w, https:\/\/wander.com.ar\/website\/wp-content\/uploads\/Maximiliano-Varas-125-480x319.jpg 480w\" sizes=\"(min-width: 0px) and (max-width: 480px) 480px, (min-width: 481px) and (max-width: 980px) 980px, (min-width: 981px) 1000px, 100vw\" \/>\n\t\t\t<\/dt>\n\t\t\t\t<dd class='wp-caption-text gallery-caption' id='gallery-1-5711'>\n\t\t\t\tMaximiliano Varas\n\t\t\t\t<\/dd><\/dl><dl class='gallery-item'>\n\t\t\t<dt class='gallery-icon landscape'>\n\t\t\t\t<img loading=\"lazy\" decoding=\"async\" width=\"1000\" height=\"664\" src=\"https:\/\/wander.com.ar\/website\/wp-content\/uploads\/Santiago-Arangio.jpg\" class=\"attachment-large size-large\" alt=\"\" aria-describedby=\"gallery-1-5712\" srcset=\"https:\/\/wander.com.ar\/website\/wp-content\/uploads\/Santiago-Arangio.jpg 1000w, https:\/\/wander.com.ar\/website\/wp-content\/uploads\/Santiago-Arangio-980x651.jpg 980w, https:\/\/wander.com.ar\/website\/wp-content\/uploads\/Santiago-Arangio-480x319.jpg 480w\" sizes=\"(min-width: 0px) and (max-width: 480px) 480px, (min-width: 481px) and (max-width: 980px) 980px, (min-width: 981px) 1000px, 100vw\" \/>\n\t\t\t<\/dt>\n\t\t\t\t<dd class='wp-caption-text gallery-caption' id='gallery-1-5712'>\n\t\t\t\tSantiago Arangio\n\t\t\t\t<\/dd><\/dl><br style=\"clear: both\" \/>\n\t\t<\/div>\n\n<p><img loading=\"lazy\" decoding=\"async\" class=\"aligncenter wp-image-5717\" src=\"https:\/\/wander.com.ar\/website\/wp-content\/uploads\/tablas_ok.png\" alt=\"\" width=\"1300\" height=\"744\" srcset=\"https:\/\/wander.com.ar\/website\/wp-content\/uploads\/tablas_ok.png 1300w, https:\/\/wander.com.ar\/website\/wp-content\/uploads\/tablas_ok-1280x733.png 1280w, https:\/\/wander.com.ar\/website\/wp-content\/uploads\/tablas_ok-980x561.png 980w, https:\/\/wander.com.ar\/website\/wp-content\/uploads\/tablas_ok-480x275.png 480w\" sizes=\"(min-width: 0px) and (max-width: 480px) 480px, (min-width: 481px) and (max-width: 980px) 980px, (min-width: 981px) and (max-width: 1280px) 1280px, (min-width: 1281px) 1300px, 100vw\" \/><\/p>\n","protected":false},"excerpt":{"rendered":"<p>Laboulaye y Posse, en C\u00f3rdoba. Ramona, G\u00e1lvez y Suardi, en Santa Fe.  El retorno y la continuidad de un a\u00f1o diferente, en pandemia y con protocolo, pero con carreras.<\/p>\n","protected":false},"author":10,"featured_media":5707,"comment_status":"closed","ping_status":"closed","sticky":false,"template":"","format":"standard","meta":{"_et_pb_use_builder":"","_et_pb_old_content":"","_et_gb_content_width":"","footnotes":""},"categories":[377],"tags":[],"class_list":["post-5705","post","type-post","status-publish","format-standard","has-post-thumbnail","hentry","category-novedades"],"yoast_head":"<!-- This site is optimized with the Yoast SEO plugin v23.9 - https:\/\/yoast.com\/wordpress\/plugins\/seo\/ -->\n<title>REGRESAR y CONTINUAR: CARRERAS EN MARCHA -<\/title>\n<meta name=\"robots\" content=\"noindex, follow\" \/>\n<meta property=\"og:locale\" content=\"es_ES\" \/>\n<meta property=\"og:type\" content=\"article\" \/>\n<meta property=\"og:title\" content=\"REGRESAR y CONTINUAR: CARRERAS EN MARCHA -\" \/>\n<meta property=\"og:description\" content=\"Laboulaye y Posse, en C\u00f3rdoba. Ramona, G\u00e1lvez y Suardi, en Santa Fe. El retorno y la continuidad de un a\u00f1o diferente, en pandemia y con protocolo, pero con carreras.\" \/>\n<meta property=\"og:url\" content=\"https:\/\/wander.com.ar\/website\/regresar-y-continuar-carreras-en-marcha\/\" \/>\n<meta property=\"og:site_name\" content=\"Wander\" \/>\n<meta property=\"article:publisher\" content=\"https:\/\/www.facebook.com\/wanderargentina.ok\/\" \/>\n<meta property=\"article:published_time\" content=\"2021-05-03T13:23:24+00:00\" \/>\n<meta property=\"article:modified_time\" content=\"2021-05-03T13:28:55+00:00\" \/>\n<meta property=\"og:image\" content=\"https:\/\/wander.com.ar\/website\/wp-content\/uploads\/Frey_ok-scaled.jpg\" \/>\n\t<meta property=\"og:image:width\" content=\"2560\" \/>\n\t<meta property=\"og:image:height\" content=\"1701\" \/>\n\t<meta property=\"og:image:type\" content=\"image\/jpeg\" \/>\n<meta name=\"author\" content=\"Leonardo Girardi\" \/>\n<meta name=\"twitter:card\" content=\"summary_large_image\" \/>\n<meta name=\"twitter:label1\" content=\"Escrito por\" \/>\n\t<meta name=\"twitter:data1\" content=\"Leonardo Girardi\" \/>\n\t<meta name=\"twitter:label2\" content=\"Tiempo de lectura\" \/>\n\t<meta name=\"twitter:data2\" content=\"2 minutos\" \/>\n<script type=\"application\/ld+json\" class=\"yoast-schema-graph\">{\"@context\":\"https:\/\/schema.org\",\"@graph\":[{\"@type\":\"Article\",\"@id\":\"https:\/\/wander.com.ar\/website\/regresar-y-continuar-carreras-en-marcha\/#article\",\"isPartOf\":{\"@id\":\"https:\/\/wander.com.ar\/website\/regresar-y-continuar-carreras-en-marcha\/\"},\"author\":{\"name\":\"Leonardo Girardi\",\"@id\":\"https:\/\/wander.com.ar\/website\/#\/schema\/person\/881458e62efa9ec0a1770a77a5124e79\"},\"headline\":\"REGRESAR y CONTINUAR: CARRERAS EN MARCHA\",\"datePublished\":\"2021-05-03T13:23:24+00:00\",\"dateModified\":\"2021-05-03T13:28:55+00:00\",\"mainEntityOfPage\":{\"@id\":\"https:\/\/wander.com.ar\/website\/regresar-y-continuar-carreras-en-marcha\/\"},\"wordCount\":286,\"publisher\":{\"@id\":\"https:\/\/wander.com.ar\/website\/#organization\"},\"image\":{\"@id\":\"https:\/\/wander.com.ar\/website\/regresar-y-continuar-carreras-en-marcha\/#primaryimage\"},\"thumbnailUrl\":\"https:\/\/wander.com.ar\/website\/wp-content\/uploads\/Frey_ok-scaled.jpg\",\"articleSection\":[\"Novedades\"],\"inLanguage\":\"es\"},{\"@type\":\"WebPage\",\"@id\":\"https:\/\/wander.com.ar\/website\/regresar-y-continuar-carreras-en-marcha\/\",\"url\":\"https:\/\/wander.com.ar\/website\/regresar-y-continuar-carreras-en-marcha\/\",\"name\":\"REGRESAR y CONTINUAR: CARRERAS EN MARCHA -\",\"isPartOf\":{\"@id\":\"https:\/\/wander.com.ar\/website\/#website\"},\"primaryImageOfPage\":{\"@id\":\"https:\/\/wander.com.ar\/website\/regresar-y-continuar-carreras-en-marcha\/#primaryimage\"},\"image\":{\"@id\":\"https:\/\/wander.com.ar\/website\/regresar-y-continuar-carreras-en-marcha\/#primaryimage\"},\"thumbnailUrl\":\"https:\/\/wander.com.ar\/website\/wp-content\/uploads\/Frey_ok-scaled.jpg\",\"datePublished\":\"2021-05-03T13:23:24+00:00\",\"dateModified\":\"2021-05-03T13:28:55+00:00\",\"breadcrumb\":{\"@id\":\"https:\/\/wander.com.ar\/website\/regresar-y-continuar-carreras-en-marcha\/#breadcrumb\"},\"inLanguage\":\"es\",\"potentialAction\":[{\"@type\":\"ReadAction\",\"target\":[\"https:\/\/wander.com.ar\/website\/regresar-y-continuar-carreras-en-marcha\/\"]}]},{\"@type\":\"ImageObject\",\"inLanguage\":\"es\",\"@id\":\"https:\/\/wander.com.ar\/website\/regresar-y-continuar-carreras-en-marcha\/#primaryimage\",\"url\":\"https:\/\/wander.com.ar\/website\/wp-content\/uploads\/Frey_ok-scaled.jpg\",\"contentUrl\":\"https:\/\/wander.com.ar\/website\/wp-content\/uploads\/Frey_ok-scaled.jpg\",\"width\":2560,\"height\":1701},{\"@type\":\"BreadcrumbList\",\"@id\":\"https:\/\/wander.com.ar\/website\/regresar-y-continuar-carreras-en-marcha\/#breadcrumb\",\"itemListElement\":[{\"@type\":\"ListItem\",\"position\":1,\"name\":\"Portada\",\"item\":\"https:\/\/wander.com.ar\/website\/\"},{\"@type\":\"ListItem\",\"position\":2,\"name\":\"REGRESAR y CONTINUAR: CARRERAS EN MARCHA\"}]},{\"@type\":\"WebSite\",\"@id\":\"https:\/\/wander.com.ar\/website\/#website\",\"url\":\"https:\/\/wander.com.ar\/website\/\",\"name\":\"Wander Argentina\",\"description\":\"Productos para el mercado automotor\",\"publisher\":{\"@id\":\"https:\/\/wander.com.ar\/website\/#organization\"},\"alternateName\":\"Wander\",\"potentialAction\":[{\"@type\":\"SearchAction\",\"target\":{\"@type\":\"EntryPoint\",\"urlTemplate\":\"https:\/\/wander.com.ar\/website\/?s={search_term_string}\"},\"query-input\":{\"@type\":\"PropertyValueSpecification\",\"valueRequired\":true,\"valueName\":\"search_term_string\"}}],\"inLanguage\":\"es\"},{\"@type\":\"Organization\",\"@id\":\"https:\/\/wander.com.ar\/website\/#organization\",\"name\":\"Wander Argentina\",\"alternateName\":\"Wander\",\"url\":\"https:\/\/wander.com.ar\/website\/\",\"logo\":{\"@type\":\"ImageObject\",\"inLanguage\":\"es\",\"@id\":\"https:\/\/wander.com.ar\/website\/#\/schema\/logo\/image\/\",\"url\":\"https:\/\/wander.com.ar\/website\/wp-content\/uploads\/wander_isologo_hor_pos.png\",\"contentUrl\":\"https:\/\/wander.com.ar\/website\/wp-content\/uploads\/wander_isologo_hor_pos.png\",\"width\":951,\"height\":333,\"caption\":\"Wander Argentina\"},\"image\":{\"@id\":\"https:\/\/wander.com.ar\/website\/#\/schema\/logo\/image\/\"},\"sameAs\":[\"https:\/\/www.facebook.com\/wanderargentina.ok\/\",\"https:\/\/www.youtube.com\/@WanderRacingTV\",\"https:\/\/www.instagram.com\/wanderargentina.ok\"]},{\"@type\":\"Person\",\"@id\":\"https:\/\/wander.com.ar\/website\/#\/schema\/person\/881458e62efa9ec0a1770a77a5124e79\",\"name\":\"Leonardo Girardi\",\"image\":{\"@type\":\"ImageObject\",\"inLanguage\":\"es\",\"@id\":\"https:\/\/wander.com.ar\/website\/#\/schema\/person\/image\/\",\"url\":\"https:\/\/secure.gravatar.com\/avatar\/02bf58d0e5ec9a22b600363fbff5ea6c5dc0e4a05d54d3a32fcee24fba5e290f?s=96&d=mm&r=g\",\"contentUrl\":\"https:\/\/secure.gravatar.com\/avatar\/02bf58d0e5ec9a22b600363fbff5ea6c5dc0e4a05d54d3a32fcee24fba5e290f?s=96&d=mm&r=g\",\"caption\":\"Leonardo Girardi\"},\"sameAs\":[\"https:\/\/wander.com.ar\"],\"url\":\"https:\/\/wander.com.ar\/website\/author\/leonardo\/\"}]}<\/script>\n<!-- \/ Yoast SEO plugin. -->","yoast_head_json":{"title":"REGRESAR y CONTINUAR: CARRERAS EN MARCHA -","robots":{"index":"noindex","follow":"follow"},"og_locale":"es_ES","og_type":"article","og_title":"REGRESAR y CONTINUAR: CARRERAS EN MARCHA -","og_description":"Laboulaye y Posse, en C\u00f3rdoba. Ramona, G\u00e1lvez y Suardi, en Santa Fe. El retorno y la continuidad de un a\u00f1o diferente, en pandemia y con protocolo, pero con carreras.","og_url":"https:\/\/wander.com.ar\/website\/regresar-y-continuar-carreras-en-marcha\/","og_site_name":"Wander","article_publisher":"https:\/\/www.facebook.com\/wanderargentina.ok\/","article_published_time":"2021-05-03T13:23:24+00:00","article_modified_time":"2021-05-03T13:28:55+00:00","og_image":[{"width":2560,"height":1701,"url":"https:\/\/wander.com.ar\/website\/wp-content\/uploads\/Frey_ok-scaled.jpg","type":"image\/jpeg"}],"author":"Leonardo Girardi","twitter_card":"summary_large_image","twitter_misc":{"Escrito por":"Leonardo Girardi","Tiempo de lectura":"2 minutos"},"schema":{"@context":"https:\/\/schema.org","@graph":[{"@type":"Article","@id":"https:\/\/wander.com.ar\/website\/regresar-y-continuar-carreras-en-marcha\/#article","isPartOf":{"@id":"https:\/\/wander.com.ar\/website\/regresar-y-continuar-carreras-en-marcha\/"},"author":{"name":"Leonardo Girardi","@id":"https:\/\/wander.com.ar\/website\/#\/schema\/person\/881458e62efa9ec0a1770a77a5124e79"},"headline":"REGRESAR y CONTINUAR: CARRERAS EN MARCHA","datePublished":"2021-05-03T13:23:24+00:00","dateModified":"2021-05-03T13:28:55+00:00","mainEntityOfPage":{"@id":"https:\/\/wander.com.ar\/website\/regresar-y-continuar-carreras-en-marcha\/"},"wordCount":286,"publisher":{"@id":"https:\/\/wander.com.ar\/website\/#organization"},"image":{"@id":"https:\/\/wander.com.ar\/website\/regresar-y-continuar-carreras-en-marcha\/#primaryimage"},"thumbnailUrl":"https:\/\/wander.com.ar\/website\/wp-content\/uploads\/Frey_ok-scaled.jpg","articleSection":["Novedades"],"inLanguage":"es"},{"@type":"WebPage","@id":"https:\/\/wander.com.ar\/website\/regresar-y-continuar-carreras-en-marcha\/","url":"https:\/\/wander.com.ar\/website\/regresar-y-continuar-carreras-en-marcha\/","name":"REGRESAR y CONTINUAR: CARRERAS EN MARCHA -","isPartOf":{"@id":"https:\/\/wander.com.ar\/website\/#website"},"primaryImageOfPage":{"@id":"https:\/\/wander.com.ar\/website\/regresar-y-continuar-carreras-en-marcha\/#primaryimage"},"image":{"@id":"https:\/\/wander.com.ar\/website\/regresar-y-continuar-carreras-en-marcha\/#primaryimage"},"thumbnailUrl":"https:\/\/wander.com.ar\/website\/wp-content\/uploads\/Frey_ok-scaled.jpg","datePublished":"2021-05-03T13:23:24+00:00","dateModified":"2021-05-03T13:28:55+00:00","breadcrumb":{"@id":"https:\/\/wander.com.ar\/website\/regresar-y-continuar-carreras-en-marcha\/#breadcrumb"},"inLanguage":"es","potentialAction":[{"@type":"ReadAction","target":["https:\/\/wander.com.ar\/website\/regresar-y-continuar-carreras-en-marcha\/"]}]},{"@type":"ImageObject","inLanguage":"es","@id":"https:\/\/wander.com.ar\/website\/regresar-y-continuar-carreras-en-marcha\/#primaryimage","url":"https:\/\/wander.com.ar\/website\/wp-content\/uploads\/Frey_ok-scaled.jpg","contentUrl":"https:\/\/wander.com.ar\/website\/wp-content\/uploads\/Frey_ok-scaled.jpg","width":2560,"height":1701},{"@type":"BreadcrumbList","@id":"https:\/\/wander.com.ar\/website\/regresar-y-continuar-carreras-en-marcha\/#breadcrumb","itemListElement":[{"@type":"ListItem","position":1,"name":"Portada","item":"https:\/\/wander.com.ar\/website\/"},{"@type":"ListItem","position":2,"name":"REGRESAR y CONTINUAR: CARRERAS EN MARCHA"}]},{"@type":"WebSite","@id":"https:\/\/wander.com.ar\/website\/#website","url":"https:\/\/wander.com.ar\/website\/","name":"Wander Argentina","description":"Productos para el mercado automotor","publisher":{"@id":"https:\/\/wander.com.ar\/website\/#organization"},"alternateName":"Wander","potentialAction":[{"@type":"SearchAction","target":{"@type":"EntryPoint","urlTemplate":"https:\/\/wander.com.ar\/website\/?s={search_term_string}"},"query-input":{"@type":"PropertyValueSpecification","valueRequired":true,"valueName":"search_term_string"}}],"inLanguage":"es"},{"@type":"Organization","@id":"https:\/\/wander.com.ar\/website\/#organization","name":"Wander Argentina","alternateName":"Wander","url":"https:\/\/wander.com.ar\/website\/","logo":{"@type":"ImageObject","inLanguage":"es","@id":"https:\/\/wander.com.ar\/website\/#\/schema\/logo\/image\/","url":"https:\/\/wander.com.ar\/website\/wp-content\/uploads\/wander_isologo_hor_pos.png","contentUrl":"https:\/\/wander.com.ar\/website\/wp-content\/uploads\/wander_isologo_hor_pos.png","width":951,"height":333,"caption":"Wander Argentina"},"image":{"@id":"https:\/\/wander.com.ar\/website\/#\/schema\/logo\/image\/"},"sameAs":["https:\/\/www.facebook.com\/wanderargentina.ok\/","https:\/\/www.youtube.com\/@WanderRacingTV","https:\/\/www.instagram.com\/wanderargentina.ok"]},{"@type":"Person","@id":"https:\/\/wander.com.ar\/website\/#\/schema\/person\/881458e62efa9ec0a1770a77a5124e79","name":"Leonardo Girardi","image":{"@type":"ImageObject","inLanguage":"es","@id":"https:\/\/wander.com.ar\/website\/#\/schema\/person\/image\/","url":"https:\/\/secure.gravatar.com\/avatar\/02bf58d0e5ec9a22b600363fbff5ea6c5dc0e4a05d54d3a32fcee24fba5e290f?s=96&d=mm&r=g","contentUrl":"https:\/\/secure.gravatar.com\/avatar\/02bf58d0e5ec9a22b600363fbff5ea6c5dc0e4a05d54d3a32fcee24fba5e290f?s=96&d=mm&r=g","caption":"Leonardo Girardi"},"sameAs":["https:\/\/wander.com.ar"],"url":"https:\/\/wander.com.ar\/website\/author\/leonardo\/"}]}},"_links":{"self":[{"href":"https:\/\/wander.com.ar\/website\/wp-json\/wp\/v2\/posts\/5705","targetHints":{"allow":["GET"]}}],"collection":[{"href":"https:\/\/wander.com.ar\/website\/wp-json\/wp\/v2\/posts"}],"about":[{"href":"https:\/\/wander.com.ar\/website\/wp-json\/wp\/v2\/types\/post"}],"author":[{"embeddable":true,"href":"https:\/\/wander.com.ar\/website\/wp-json\/wp\/v2\/users\/10"}],"replies":[{"embeddable":true,"href":"https:\/\/wander.com.ar\/website\/wp-json\/wp\/v2\/comments?post=5705"}],"version-history":[{"count":0,"href":"https:\/\/wander.com.ar\/website\/wp-json\/wp\/v2\/posts\/5705\/revisions"}],"wp:featuredmedia":[{"embeddable":true,"href":"https:\/\/wander.com.ar\/website\/wp-json\/wp\/v2\/media\/5707"}],"wp:attachment":[{"href":"https:\/\/wander.com.ar\/website\/wp-json\/wp\/v2\/media?parent=5705"}],"wp:term":[{"taxonomy":"category","embeddable":true,"href":"https:\/\/wander.com.ar\/website\/wp-json\/wp\/v2\/categories?post=5705"},{"taxonomy":"post_tag","embeddable":true,"href":"https:\/\/wander.com.ar\/website\/wp-json\/wp\/v2\/tags?post=5705"}],"curies":[{"name":"wp","href":"https:\/\/api.w.org\/{rel}","templated":true}]}}