{"id":5903,"date":"2021-09-13T12:37:10","date_gmt":"2021-09-13T12:37:10","guid":{"rendered":"https:\/\/wander.com.ar\/website\/?p=5903"},"modified":"2021-09-13T12:50:36","modified_gmt":"2021-09-13T12:50:36","slug":"retorno-de-zonales-con-sensaciones-de-cam","status":"publish","type":"post","link":"https:\/\/wander.com.ar\/website\/retorno-de-zonales-con-sensaciones-de-cam\/","title":{"rendered":"RETORNO DE ZONALES CON SENSACIONES DE CAM"},"content":{"rendered":"<p><img loading=\"lazy\" decoding=\"async\" class=\"margin-left:40px; float:right; alignright wp-image-5905\" src=\"https:\/\/wander.com.ar\/website\/wp-content\/uploads\/moto_recuadro_105.jpg\" alt=\"\" width=\"579\" height=\"640\" srcset=\"https:\/\/wander.com.ar\/website\/wp-content\/uploads\/moto_recuadro_105.jpg 579w, https:\/\/wander.com.ar\/website\/wp-content\/uploads\/moto_recuadro_105-480x531.jpg 480w\" sizes=\"(min-width: 0px) and (max-width: 480px) 480px, (min-width: 481px) 579px, 100vw\" \/>La reestructuraci\u00f3n deportiva del motociclismo de \u00f3valos tras las nuevas medidas provinciales, permiti\u00f3 a la Federaci\u00f3n Regional 4 de Motociclismo Deportivo de Santa Fe reactivar las competencias. Ser\u00e1 en la modalidad Zonales y en fechas desdobladas como se realizara a comienzo de 2021.<\/p>\n<blockquote><p>Desde el 14 agosto y por seis fines de semanas, se correr\u00e1 un Calendario de Competencias que incluir\u00e1n las categor\u00edas de los Zonales Sancristobalenses y del centro santafesino m\u00e1s las divisionales del Certamen Argentino de Motociclismo. Participar\u00e1n pilotos rankeados para 110cc Standard Aficionados, 110cc Standard CAM, 110cc Standard Libre, 70 y 80cc Zanella, Minimoto y 50cc Escuela Promocional, 125cc Graduados, 125cc Internacional y 450cc 4T Internacional.<\/p><\/blockquote>\n<p>&nbsp;<\/p>\n<p>El Torneo tendr\u00e1 el objetivo de cumplimentar fechas de los Zonales en circuitos donde se corre el Certamen Argentino de Motociclismo y no se repetir\u00e1n los trazados de G\u00e1lvez, Suardi y Ramona, que tuvieron actividad a comienzos de 2021.<br \/>\nEn lo que respecta al CAM, el mismo se reactivar\u00e1 en 2022, en tanto y en cuanto se logre la habilitaci\u00f3n de p\u00fablico en los circuitos y se cumplimenten requisitos protocolares a futuro.<\/p>\n","protected":false},"excerpt":{"rendered":"<p>De agosto a noviembre se correr\u00e1n 6 competencias de motociclismo de \u00f3valos de tierra en Santa Clara, Centeno, Totoras, San Carlos, Villa Trinidad y San Guillermo. Ser\u00e1 el Torneo en homenaje a \u201cMiguel Kapi Dominguez\u201d relator emblema del CAM recientemente fallecido.<\/p>\n","protected":false},"author":10,"featured_media":5904,"comment_status":"closed","ping_status":"closed","sticky":false,"template":"","format":"standard","meta":{"_et_pb_use_builder":"","_et_pb_old_content":"","_et_gb_content_width":"","footnotes":""},"categories":[377],"tags":[],"class_list":["post-5903","post","type-post","status-publish","format-standard","has-post-thumbnail","hentry","category-novedades"],"yoast_head":"<!-- This site is optimized with the Yoast SEO plugin v23.9 - https:\/\/yoast.com\/wordpress\/plugins\/seo\/ -->\n<title>RETORNO DE ZONALES CON SENSACIONES DE CAM -<\/title>\n<meta name=\"robots\" content=\"noindex, follow\" \/>\n<meta property=\"og:locale\" content=\"es_ES\" \/>\n<meta property=\"og:type\" content=\"article\" \/>\n<meta property=\"og:title\" content=\"RETORNO DE ZONALES CON SENSACIONES DE CAM -\" \/>\n<meta property=\"og:description\" content=\"De agosto a noviembre se correr\u00e1n 6 competencias de motociclismo de \u00f3valos de tierra en Santa Clara, Centeno, Totoras, San Carlos, Villa Trinidad y San Guillermo. Ser\u00e1 el Torneo en homenaje a \u201cMiguel Kapi Dominguez\u201d relator emblema del CAM recientemente fallecido.\" \/>\n<meta property=\"og:url\" content=\"https:\/\/wander.com.ar\/website\/retorno-de-zonales-con-sensaciones-de-cam\/\" \/>\n<meta property=\"og:site_name\" content=\"Wander\" \/>\n<meta property=\"article:publisher\" content=\"https:\/\/www.facebook.com\/wanderargentina.ok\/\" \/>\n<meta property=\"article:published_time\" content=\"2021-09-13T12:37:10+00:00\" \/>\n<meta property=\"article:modified_time\" content=\"2021-09-13T12:50:36+00:00\" \/>\n<meta property=\"og:image\" content=\"https:\/\/wander.com.ar\/website\/wp-content\/uploads\/moto_main_105.jpg\" \/>\n\t<meta property=\"og:image:width\" content=\"2000\" \/>\n\t<meta property=\"og:image:height\" content=\"1084\" \/>\n\t<meta property=\"og:image:type\" content=\"image\/jpeg\" \/>\n<meta name=\"author\" content=\"Leonardo Girardi\" \/>\n<meta name=\"twitter:card\" content=\"summary_large_image\" \/>\n<meta name=\"twitter:label1\" content=\"Escrito por\" \/>\n\t<meta name=\"twitter:data1\" content=\"Leonardo Girardi\" \/>\n\t<meta name=\"twitter:label2\" content=\"Tiempo de lectura\" \/>\n\t<meta name=\"twitter:data2\" content=\"1 minuto\" \/>\n<script type=\"application\/ld+json\" class=\"yoast-schema-graph\">{\"@context\":\"https:\/\/schema.org\",\"@graph\":[{\"@type\":\"Article\",\"@id\":\"https:\/\/wander.com.ar\/website\/retorno-de-zonales-con-sensaciones-de-cam\/#article\",\"isPartOf\":{\"@id\":\"https:\/\/wander.com.ar\/website\/retorno-de-zonales-con-sensaciones-de-cam\/\"},\"author\":{\"name\":\"Leonardo Girardi\",\"@id\":\"https:\/\/wander.com.ar\/website\/#\/schema\/person\/881458e62efa9ec0a1770a77a5124e79\"},\"headline\":\"RETORNO DE ZONALES CON SENSACIONES DE CAM\",\"datePublished\":\"2021-09-13T12:37:10+00:00\",\"dateModified\":\"2021-09-13T12:50:36+00:00\",\"mainEntityOfPage\":{\"@id\":\"https:\/\/wander.com.ar\/website\/retorno-de-zonales-con-sensaciones-de-cam\/\"},\"wordCount\":193,\"publisher\":{\"@id\":\"https:\/\/wander.com.ar\/website\/#organization\"},\"image\":{\"@id\":\"https:\/\/wander.com.ar\/website\/retorno-de-zonales-con-sensaciones-de-cam\/#primaryimage\"},\"thumbnailUrl\":\"https:\/\/wander.com.ar\/website\/wp-content\/uploads\/moto_main_105.jpg\",\"articleSection\":[\"Novedades\"],\"inLanguage\":\"es\"},{\"@type\":\"WebPage\",\"@id\":\"https:\/\/wander.com.ar\/website\/retorno-de-zonales-con-sensaciones-de-cam\/\",\"url\":\"https:\/\/wander.com.ar\/website\/retorno-de-zonales-con-sensaciones-de-cam\/\",\"name\":\"RETORNO DE ZONALES CON SENSACIONES DE CAM -\",\"isPartOf\":{\"@id\":\"https:\/\/wander.com.ar\/website\/#website\"},\"primaryImageOfPage\":{\"@id\":\"https:\/\/wander.com.ar\/website\/retorno-de-zonales-con-sensaciones-de-cam\/#primaryimage\"},\"image\":{\"@id\":\"https:\/\/wander.com.ar\/website\/retorno-de-zonales-con-sensaciones-de-cam\/#primaryimage\"},\"thumbnailUrl\":\"https:\/\/wander.com.ar\/website\/wp-content\/uploads\/moto_main_105.jpg\",\"datePublished\":\"2021-09-13T12:37:10+00:00\",\"dateModified\":\"2021-09-13T12:50:36+00:00\",\"breadcrumb\":{\"@id\":\"https:\/\/wander.com.ar\/website\/retorno-de-zonales-con-sensaciones-de-cam\/#breadcrumb\"},\"inLanguage\":\"es\",\"potentialAction\":[{\"@type\":\"ReadAction\",\"target\":[\"https:\/\/wander.com.ar\/website\/retorno-de-zonales-con-sensaciones-de-cam\/\"]}]},{\"@type\":\"ImageObject\",\"inLanguage\":\"es\",\"@id\":\"https:\/\/wander.com.ar\/website\/retorno-de-zonales-con-sensaciones-de-cam\/#primaryimage\",\"url\":\"https:\/\/wander.com.ar\/website\/wp-content\/uploads\/moto_main_105.jpg\",\"contentUrl\":\"https:\/\/wander.com.ar\/website\/wp-content\/uploads\/moto_main_105.jpg\",\"width\":2000,\"height\":1084},{\"@type\":\"BreadcrumbList\",\"@id\":\"https:\/\/wander.com.ar\/website\/retorno-de-zonales-con-sensaciones-de-cam\/#breadcrumb\",\"itemListElement\":[{\"@type\":\"ListItem\",\"position\":1,\"name\":\"Portada\",\"item\":\"https:\/\/wander.com.ar\/website\/\"},{\"@type\":\"ListItem\",\"position\":2,\"name\":\"RETORNO DE ZONALES CON SENSACIONES DE CAM\"}]},{\"@type\":\"WebSite\",\"@id\":\"https:\/\/wander.com.ar\/website\/#website\",\"url\":\"https:\/\/wander.com.ar\/website\/\",\"name\":\"Wander Argentina\",\"description\":\"Productos para el mercado automotor\",\"publisher\":{\"@id\":\"https:\/\/wander.com.ar\/website\/#organization\"},\"alternateName\":\"Wander\",\"potentialAction\":[{\"@type\":\"SearchAction\",\"target\":{\"@type\":\"EntryPoint\",\"urlTemplate\":\"https:\/\/wander.com.ar\/website\/?s={search_term_string}\"},\"query-input\":{\"@type\":\"PropertyValueSpecification\",\"valueRequired\":true,\"valueName\":\"search_term_string\"}}],\"inLanguage\":\"es\"},{\"@type\":\"Organization\",\"@id\":\"https:\/\/wander.com.ar\/website\/#organization\",\"name\":\"Wander Argentina\",\"alternateName\":\"Wander\",\"url\":\"https:\/\/wander.com.ar\/website\/\",\"logo\":{\"@type\":\"ImageObject\",\"inLanguage\":\"es\",\"@id\":\"https:\/\/wander.com.ar\/website\/#\/schema\/logo\/image\/\",\"url\":\"https:\/\/wander.com.ar\/website\/wp-content\/uploads\/wander_isologo_hor_pos.png\",\"contentUrl\":\"https:\/\/wander.com.ar\/website\/wp-content\/uploads\/wander_isologo_hor_pos.png\",\"width\":951,\"height\":333,\"caption\":\"Wander Argentina\"},\"image\":{\"@id\":\"https:\/\/wander.com.ar\/website\/#\/schema\/logo\/image\/\"},\"sameAs\":[\"https:\/\/www.facebook.com\/wanderargentina.ok\/\",\"https:\/\/www.youtube.com\/@WanderRacingTV\",\"https:\/\/www.instagram.com\/wanderargentina.ok\"]},{\"@type\":\"Person\",\"@id\":\"https:\/\/wander.com.ar\/website\/#\/schema\/person\/881458e62efa9ec0a1770a77a5124e79\",\"name\":\"Leonardo Girardi\",\"image\":{\"@type\":\"ImageObject\",\"inLanguage\":\"es\",\"@id\":\"https:\/\/wander.com.ar\/website\/#\/schema\/person\/image\/\",\"url\":\"https:\/\/secure.gravatar.com\/avatar\/02bf58d0e5ec9a22b600363fbff5ea6c5dc0e4a05d54d3a32fcee24fba5e290f?s=96&d=mm&r=g\",\"contentUrl\":\"https:\/\/secure.gravatar.com\/avatar\/02bf58d0e5ec9a22b600363fbff5ea6c5dc0e4a05d54d3a32fcee24fba5e290f?s=96&d=mm&r=g\",\"caption\":\"Leonardo Girardi\"},\"sameAs\":[\"https:\/\/wander.com.ar\"],\"url\":\"https:\/\/wander.com.ar\/website\/author\/leonardo\/\"}]}<\/script>\n<!-- \/ Yoast SEO plugin. -->","yoast_head_json":{"title":"RETORNO DE ZONALES CON SENSACIONES DE CAM -","robots":{"index":"noindex","follow":"follow"},"og_locale":"es_ES","og_type":"article","og_title":"RETORNO DE ZONALES CON SENSACIONES DE CAM -","og_description":"De agosto a noviembre se correr\u00e1n 6 competencias de motociclismo de \u00f3valos de tierra en Santa Clara, Centeno, Totoras, San Carlos, Villa Trinidad y San Guillermo. Ser\u00e1 el Torneo en homenaje a \u201cMiguel Kapi Dominguez\u201d relator emblema del CAM recientemente fallecido.","og_url":"https:\/\/wander.com.ar\/website\/retorno-de-zonales-con-sensaciones-de-cam\/","og_site_name":"Wander","article_publisher":"https:\/\/www.facebook.com\/wanderargentina.ok\/","article_published_time":"2021-09-13T12:37:10+00:00","article_modified_time":"2021-09-13T12:50:36+00:00","og_image":[{"width":2000,"height":1084,"url":"https:\/\/wander.com.ar\/website\/wp-content\/uploads\/moto_main_105.jpg","type":"image\/jpeg"}],"author":"Leonardo Girardi","twitter_card":"summary_large_image","twitter_misc":{"Escrito por":"Leonardo Girardi","Tiempo de lectura":"1 minuto"},"schema":{"@context":"https:\/\/schema.org","@graph":[{"@type":"Article","@id":"https:\/\/wander.com.ar\/website\/retorno-de-zonales-con-sensaciones-de-cam\/#article","isPartOf":{"@id":"https:\/\/wander.com.ar\/website\/retorno-de-zonales-con-sensaciones-de-cam\/"},"author":{"name":"Leonardo Girardi","@id":"https:\/\/wander.com.ar\/website\/#\/schema\/person\/881458e62efa9ec0a1770a77a5124e79"},"headline":"RETORNO DE ZONALES CON SENSACIONES DE CAM","datePublished":"2021-09-13T12:37:10+00:00","dateModified":"2021-09-13T12:50:36+00:00","mainEntityOfPage":{"@id":"https:\/\/wander.com.ar\/website\/retorno-de-zonales-con-sensaciones-de-cam\/"},"wordCount":193,"publisher":{"@id":"https:\/\/wander.com.ar\/website\/#organization"},"image":{"@id":"https:\/\/wander.com.ar\/website\/retorno-de-zonales-con-sensaciones-de-cam\/#primaryimage"},"thumbnailUrl":"https:\/\/wander.com.ar\/website\/wp-content\/uploads\/moto_main_105.jpg","articleSection":["Novedades"],"inLanguage":"es"},{"@type":"WebPage","@id":"https:\/\/wander.com.ar\/website\/retorno-de-zonales-con-sensaciones-de-cam\/","url":"https:\/\/wander.com.ar\/website\/retorno-de-zonales-con-sensaciones-de-cam\/","name":"RETORNO DE ZONALES CON SENSACIONES DE CAM -","isPartOf":{"@id":"https:\/\/wander.com.ar\/website\/#website"},"primaryImageOfPage":{"@id":"https:\/\/wander.com.ar\/website\/retorno-de-zonales-con-sensaciones-de-cam\/#primaryimage"},"image":{"@id":"https:\/\/wander.com.ar\/website\/retorno-de-zonales-con-sensaciones-de-cam\/#primaryimage"},"thumbnailUrl":"https:\/\/wander.com.ar\/website\/wp-content\/uploads\/moto_main_105.jpg","datePublished":"2021-09-13T12:37:10+00:00","dateModified":"2021-09-13T12:50:36+00:00","breadcrumb":{"@id":"https:\/\/wander.com.ar\/website\/retorno-de-zonales-con-sensaciones-de-cam\/#breadcrumb"},"inLanguage":"es","potentialAction":[{"@type":"ReadAction","target":["https:\/\/wander.com.ar\/website\/retorno-de-zonales-con-sensaciones-de-cam\/"]}]},{"@type":"ImageObject","inLanguage":"es","@id":"https:\/\/wander.com.ar\/website\/retorno-de-zonales-con-sensaciones-de-cam\/#primaryimage","url":"https:\/\/wander.com.ar\/website\/wp-content\/uploads\/moto_main_105.jpg","contentUrl":"https:\/\/wander.com.ar\/website\/wp-content\/uploads\/moto_main_105.jpg","width":2000,"height":1084},{"@type":"BreadcrumbList","@id":"https:\/\/wander.com.ar\/website\/retorno-de-zonales-con-sensaciones-de-cam\/#breadcrumb","itemListElement":[{"@type":"ListItem","position":1,"name":"Portada","item":"https:\/\/wander.com.ar\/website\/"},{"@type":"ListItem","position":2,"name":"RETORNO DE ZONALES CON SENSACIONES DE CAM"}]},{"@type":"WebSite","@id":"https:\/\/wander.com.ar\/website\/#website","url":"https:\/\/wander.com.ar\/website\/","name":"Wander Argentina","description":"Productos para el mercado automotor","publisher":{"@id":"https:\/\/wander.com.ar\/website\/#organization"},"alternateName":"Wander","potentialAction":[{"@type":"SearchAction","target":{"@type":"EntryPoint","urlTemplate":"https:\/\/wander.com.ar\/website\/?s={search_term_string}"},"query-input":{"@type":"PropertyValueSpecification","valueRequired":true,"valueName":"search_term_string"}}],"inLanguage":"es"},{"@type":"Organization","@id":"https:\/\/wander.com.ar\/website\/#organization","name":"Wander Argentina","alternateName":"Wander","url":"https:\/\/wander.com.ar\/website\/","logo":{"@type":"ImageObject","inLanguage":"es","@id":"https:\/\/wander.com.ar\/website\/#\/schema\/logo\/image\/","url":"https:\/\/wander.com.ar\/website\/wp-content\/uploads\/wander_isologo_hor_pos.png","contentUrl":"https:\/\/wander.com.ar\/website\/wp-content\/uploads\/wander_isologo_hor_pos.png","width":951,"height":333,"caption":"Wander Argentina"},"image":{"@id":"https:\/\/wander.com.ar\/website\/#\/schema\/logo\/image\/"},"sameAs":["https:\/\/www.facebook.com\/wanderargentina.ok\/","https:\/\/www.youtube.com\/@WanderRacingTV","https:\/\/www.instagram.com\/wanderargentina.ok"]},{"@type":"Person","@id":"https:\/\/wander.com.ar\/website\/#\/schema\/person\/881458e62efa9ec0a1770a77a5124e79","name":"Leonardo Girardi","image":{"@type":"ImageObject","inLanguage":"es","@id":"https:\/\/wander.com.ar\/website\/#\/schema\/person\/image\/","url":"https:\/\/secure.gravatar.com\/avatar\/02bf58d0e5ec9a22b600363fbff5ea6c5dc0e4a05d54d3a32fcee24fba5e290f?s=96&d=mm&r=g","contentUrl":"https:\/\/secure.gravatar.com\/avatar\/02bf58d0e5ec9a22b600363fbff5ea6c5dc0e4a05d54d3a32fcee24fba5e290f?s=96&d=mm&r=g","caption":"Leonardo Girardi"},"sameAs":["https:\/\/wander.com.ar"],"url":"https:\/\/wander.com.ar\/website\/author\/leonardo\/"}]}},"_links":{"self":[{"href":"https:\/\/wander.com.ar\/website\/wp-json\/wp\/v2\/posts\/5903","targetHints":{"allow":["GET"]}}],"collection":[{"href":"https:\/\/wander.com.ar\/website\/wp-json\/wp\/v2\/posts"}],"about":[{"href":"https:\/\/wander.com.ar\/website\/wp-json\/wp\/v2\/types\/post"}],"author":[{"embeddable":true,"href":"https:\/\/wander.com.ar\/website\/wp-json\/wp\/v2\/users\/10"}],"replies":[{"embeddable":true,"href":"https:\/\/wander.com.ar\/website\/wp-json\/wp\/v2\/comments?post=5903"}],"version-history":[{"count":0,"href":"https:\/\/wander.com.ar\/website\/wp-json\/wp\/v2\/posts\/5903\/revisions"}],"wp:featuredmedia":[{"embeddable":true,"href":"https:\/\/wander.com.ar\/website\/wp-json\/wp\/v2\/media\/5904"}],"wp:attachment":[{"href":"https:\/\/wander.com.ar\/website\/wp-json\/wp\/v2\/media?parent=5903"}],"wp:term":[{"taxonomy":"category","embeddable":true,"href":"https:\/\/wander.com.ar\/website\/wp-json\/wp\/v2\/categories?post=5903"},{"taxonomy":"post_tag","embeddable":true,"href":"https:\/\/wander.com.ar\/website\/wp-json\/wp\/v2\/tags?post=5903"}],"curies":[{"name":"wp","href":"https:\/\/api.w.org\/{rel}","templated":true}]}}