{"id":6182,"date":"2022-07-08T14:02:09","date_gmt":"2022-07-08T14:02:09","guid":{"rendered":"https:\/\/wander.com.ar\/website\/?p=6182"},"modified":"2022-07-08T14:02:10","modified_gmt":"2022-07-08T14:02:10","slug":"no-se-bajan-del-podio","status":"publish","type":"post","link":"https:\/\/wander.com.ar\/website\/no-se-bajan-del-podio\/","title":{"rendered":"NO SE BAJAN DEL PODIO"},"content":{"rendered":"<p>[et_pb_section fb_built=\u00bb1&#8243; _builder_version=\u00bb4.16&#8243; hover_enabled=\u00bb0&#8243; global_colors_info=\u00bb{}\u00bb theme_builder_area=\u00bbpost_content\u00bb sticky_enabled=\u00bb0&#8243; custom_padding=\u00bb3px|||||\u00bb][et_pb_row _builder_version=\u00bb4.17.4&#8243; background_size=\u00bbinitial\u00bb background_position=\u00bbtop_left\u00bb background_repeat=\u00bbrepeat\u00bb hover_enabled=\u00bb0&#8243; global_colors_info=\u00bb{}\u00bb column_structure=\u00bb1_2,1_2&#8243; theme_builder_area=\u00bbpost_content\u00bb custom_margin=\u00bb||||false|false\u00bb custom_padding=\u00bb6px||||false|false\u00bb sticky_enabled=\u00bb0&#8243; width=\u00bb100%\u00bb][et_pb_column type=\u00bb1_2&#8243; _builder_version=\u00bb4.16&#8243; custom_padding=\u00bb|||\u00bb global_colors_info=\u00bb{}\u00bb custom_padding__hover=\u00bb|||\u00bb theme_builder_area=\u00bbpost_content\u00bb][et_pb_text _builder_version=\u00bb4.17.4&#8243; background_size=\u00bbinitial\u00bb background_position=\u00bbtop_left\u00bb background_repeat=\u00bbrepeat\u00bb hover_enabled=\u00bb0&#8243; global_colors_info=\u00bb{}\u00bb theme_builder_area=\u00bbpost_content\u00bb sticky_enabled=\u00bb0&#8243; custom_margin_last_edited=\u00bbon|phone\u00bb custom_margin=\u00bb26px|41px|||false|false\u00bb custom_margin_phone=\u00bb|0px|||false|false\u00bb custom_margin_tablet=\u00bb26px|41px|||false|false\u00bb]<\/p>\n<p><!-- divi:paragraph --><strong>Los n\u00fameros gobiernan el mundo del deporte. En el motociclismo de \u00f3valos de tierra m\u00e1s importante del pa\u00eds, las estad\u00edsticas tienen a los pilotos de la marca llev\u00e1ndose de cada fin de semana de carrera los mayores aplausos y los mejores trofeos en disputa.<\/strong><\/p>\n<blockquote>\n<p><!-- divi:paragraph -->El Certamen Argentino de Motociclismo corri\u00f3 hasta el 5 de junio 4 de las 11 fechas programadas para 2022. En todas las finales de las Categor\u00edas 125 Graduados y 450 Internacional (en el CAM se corren siete categor\u00edas) hubo siempre un ganador con la marca en el pecho defendiendo los proyectos deportivos de Wander.<\/p>\n<\/blockquote>\n<p><!-- \/divi:paragraph --><!-- divi:paragraph --><strong>El comienzo de la Temporada fue de alto nivel:<\/strong> Mat\u00edas Lorenzato, Mat\u00edas Frey y Maximiliano Varas se alzaron con el 2\u00b0, 3\u00b0 y 4\u00b0 puesto respectivamente en Graduados y los mismos pilotos fueron protagonistas excluyentes del 450. Triunfo de Frey con Lorenzato y Varas 3\u00b0 y 4\u00b0, respectivamente.<\/p>\n<p><!-- \/divi:paragraph --><!-- divi:paragraph --><strong>En la segunda del Calendario, apareci\u00f3 en excelente rendimiento Dami\u00e1n Sosa<\/strong>. El esperancino gan\u00f3 una serie y fue 2\u00b0 en la final del 125 Graduados que qued\u00f3 en manos de Mat\u00edas Frey. El de G\u00e1lvez se meti\u00f3 en el 4\u00b0 puesto en la final de 450 para la fecha de Suardi.<\/p>\n<p><!-- \/divi:paragraph --><!-- divi:paragraph --><strong>En la tercera del a\u00f1o, en Totoras, nuevamente Frey con un 2\u00b0 puesto y Sosa con un 4\u00b0 lugar, volvieron a repetir podio.<\/strong> En 450 Internacional se dio el segundo 1-2 de la marca: Frey y Varas fueron 1\u00b0 y escolta.<\/p>\n<p><strong>Para la 4\u00b0 ronda en Ordo\u00f1ez, C\u00f3rdoba, se volvi\u00f3 a repetir el tercer 1-2 de los pilotos Wander.<\/strong> Mat\u00edas Frey y Dami\u00e1n Sosa volvieron a quedarse con la de cuadros y la bandera argentina como hab\u00eda sucedido en Suardi. En la final del 450 Internacional, Maximiliano Varas volvi\u00f3 a ganar despu\u00e9s de siete temporadas y seis a\u00f1os despu\u00e9s de su accidente.<\/p>\n<p><!-- divi:paragraph -->Los n\u00fameros hablan por s\u00ed solos: 12 podios en 4 fechas, 3 por cada domingo, para enaltecer a la marca y mantener su vigencia en la competici\u00f3n de \u00f3valos de tierra m\u00e1s importante del pa\u00eds.<\/p>\n<p><!-- \/divi:paragraph --><\/p>\n<p>[\/et_pb_text][\/et_pb_column][et_pb_column type=\u00bb1_2&#8243; _builder_version=\u00bb4.16&#8243; custom_padding=\u00bb|||\u00bb global_colors_info=\u00bb{}\u00bb custom_padding__hover=\u00bb|||\u00bb theme_builder_area=\u00bbpost_content\u00bb][et_pb_image src=\u00bbhttps:\/\/wander.com.ar\/website\/wp-content\/uploads\/foto_2_junio_ok.jpg\u00bb _builder_version=\u00bb4.17.4&#8243; _module_preset=\u00bbdefault\u00bb theme_builder_area=\u00bbpost_content\u00bb title_text=\u00bbfoto_2_junio_ok\u00bb hover_enabled=\u00bb0&#8243; sticky_enabled=\u00bb0&#8243; custom_margin=\u00bb19px|||||\u00bb width=\u00bb77%\u00bb module_alignment=\u00bbcenter\u00bb][\/et_pb_image][et_pb_image src=\u00bbhttps:\/\/wander.com.ar\/website\/wp-content\/uploads\/tabla_junio.jpg\u00bb _builder_version=\u00bb4.17.4&#8243; _module_preset=\u00bbdefault\u00bb theme_builder_area=\u00bbpost_content\u00bb title_text=\u00bbtabla_junio\u00bb hover_enabled=\u00bb0&#8243; sticky_enabled=\u00bb0&#8243; width=\u00bb86%\u00bb module_alignment=\u00bbcenter\u00bb][\/et_pb_image][\/et_pb_column][\/et_pb_row][\/et_pb_section]<\/p>\n","protected":false},"excerpt":{"rendered":"<p>Los pilotos Wander Racing ganaron en las primeras cuatro fechas de la Temporada 2022 del Certamen Argentino de Motociclismo. Mat\u00edas Frey y Maximiliano Varas obtuvieron los triunfos en 125 Graduados y 450 Internacional. Dami\u00e1n Sosa y Mat\u00edas Lorenzato hicieron podio en ambas carreras. Un gran comienzo que promete una temporada inolvidable.<\/p>\n","protected":false},"author":10,"featured_media":6185,"comment_status":"closed","ping_status":"closed","sticky":false,"template":"","format":"standard","meta":{"_et_pb_use_builder":"on","_et_pb_old_content":"<!-- wp:paragraph -->\n<p>Los n\u00fameros gobiernan el mundo del deporte. En el motociclismo de \u00f3valos de tierra m\u00e1s importante del pa\u00eds, las estad\u00edsticas tienen a los pilotos de la marca llev\u00e1ndose de cada fin de semana de carrera los mayores aplausos y los mejores trofeos en disputa.<\/p>\n<!-- \/wp:paragraph -->\n\n<!-- wp:paragraph -->\n<p>El Certamen Argentino de Motociclismo corri\u00f3 hasta el 5 de junio 4 de las 11 fechas programadas para 2022. En todas las finales de las Categor\u00edas 125 Graduados y 450 Internacional (en el CAM se corren siete categor\u00edas) hubo siempre un ganador con la marca en el pecho defendiendo los proyectos deportivos de Wander.<\/p>\n<!-- \/wp:paragraph -->\n\n<!-- wp:paragraph -->\n<p>El comienzo de la Temporada fue de alto nivel: Mat\u00edas Lorenzato, Mat\u00edas Frey y Maximiliano Varas se alzaron con el 2\u00b0, 3\u00b0 y 4\u00b0 puesto respectivamente en Graduados y los mismos pilotos fueron protagonistas excluyentes del 450. Triunfo de Frey con Lorenzato y Varas 3\u00b0 y 4\u00b0, respectivamente.<\/p>\n<!-- \/wp:paragraph -->\n\n<!-- wp:paragraph -->\n<p>En la segunda del Calendario, apareci\u00f3 en excelente rendimiento Dami\u00e1n Sosa. El esperancino gan\u00f3 una serie y fue 2\u00b0 en la final del 125 Graduados que qued\u00f3 en manos de Mat\u00edas Frey. El de G\u00e1lvez se meti\u00f3 en el 4\u00b0 puesto en la final de 450 para la fecha de Suardi.<\/p>\n<!-- \/wp:paragraph -->\n\n<!-- wp:paragraph -->\n<p>En la tercera del a\u00f1o, en Totoras, nuevamente Frey con un 2\u00b0 puesto y Sosa con un 4\u00b0 lugar, volvieron a repetir podio. En 450 Internacional se dio el segundo 1-2 de la marca: Frey y Varas fueron 1\u00b0 y escolta.<\/p>\n<!-- \/wp:paragraph -->\n\n<!-- wp:paragraph -->\n<p>Para la 4\u00b0 ronda en Ordo\u00f1ez, C\u00f3rdoba, se volvi\u00f3 a repetir el tercer 1-2 de los pilotos Wander. Mat\u00edas Frey y Dami\u00e1n Sosa volvieron a quedarse con la de cuadros y la bandera argentina como hab\u00eda sucedido en Suardi. En la final del 450 Internacional, Maximiliano Varas volvi\u00f3 a ganar despu\u00e9s de siete temporadas y seis a\u00f1os despu\u00e9s de su accidente.<\/p>\n<!-- \/wp:paragraph -->\n\n<!-- wp:paragraph -->\n<p>Los n\u00fameros hablan por s\u00ed solos: 12 podios en 4 fechas, 3 por cada domingo, para enaltecer a la marca y mantener su vigencia en la competici\u00f3n de \u00f3valos de tierra m\u00e1s importante del pa\u00eds.<\/p>\n<!-- \/wp:paragraph -->","_et_gb_content_width":"","footnotes":""},"categories":[377],"tags":[],"class_list":["post-6182","post","type-post","status-publish","format-standard","has-post-thumbnail","hentry","category-novedades"],"yoast_head":"<!-- This site is optimized with the Yoast SEO plugin v23.9 - https:\/\/yoast.com\/wordpress\/plugins\/seo\/ -->\n<title>NO SE BAJAN DEL PODIO -<\/title>\n<meta name=\"robots\" content=\"noindex, follow\" \/>\n<meta property=\"og:locale\" content=\"es_ES\" \/>\n<meta property=\"og:type\" content=\"article\" \/>\n<meta property=\"og:title\" content=\"NO SE BAJAN DEL PODIO -\" \/>\n<meta property=\"og:description\" content=\"Los pilotos Wander Racing ganaron en las primeras cuatro fechas de la Temporada 2022 del Certamen Argentino de Motociclismo. Mat\u00edas Frey y Maximiliano Varas obtuvieron los triunfos en 125 Graduados y 450 Internacional. Dami\u00e1n Sosa y Mat\u00edas Lorenzato hicieron podio en ambas carreras. Un gran comienzo que promete una temporada inolvidable.\" \/>\n<meta property=\"og:url\" content=\"https:\/\/wander.com.ar\/website\/no-se-bajan-del-podio\/\" \/>\n<meta property=\"og:site_name\" content=\"Wander\" \/>\n<meta property=\"article:publisher\" content=\"https:\/\/www.facebook.com\/wanderargentina.ok\/\" \/>\n<meta property=\"article:published_time\" content=\"2022-07-08T14:02:09+00:00\" \/>\n<meta property=\"article:modified_time\" content=\"2022-07-08T14:02:10+00:00\" \/>\n<meta property=\"og:image\" content=\"https:\/\/wander.com.ar\/website\/wp-content\/uploads\/nota_julio.jpg\" \/>\n\t<meta property=\"og:image:width\" content=\"1250\" \/>\n\t<meta property=\"og:image:height\" content=\"706\" \/>\n\t<meta property=\"og:image:type\" content=\"image\/jpeg\" \/>\n<meta name=\"author\" content=\"Leonardo Girardi\" \/>\n<meta name=\"twitter:card\" content=\"summary_large_image\" \/>\n<meta name=\"twitter:label1\" content=\"Escrito por\" \/>\n\t<meta name=\"twitter:data1\" content=\"Leonardo Girardi\" \/>\n\t<meta name=\"twitter:label2\" content=\"Tiempo de lectura\" \/>\n\t<meta name=\"twitter:data2\" content=\"2 minutos\" \/>\n<script type=\"application\/ld+json\" class=\"yoast-schema-graph\">{\"@context\":\"https:\/\/schema.org\",\"@graph\":[{\"@type\":\"Article\",\"@id\":\"https:\/\/wander.com.ar\/website\/no-se-bajan-del-podio\/#article\",\"isPartOf\":{\"@id\":\"https:\/\/wander.com.ar\/website\/no-se-bajan-del-podio\/\"},\"author\":{\"name\":\"Leonardo Girardi\",\"@id\":\"https:\/\/wander.com.ar\/website\/#\/schema\/person\/881458e62efa9ec0a1770a77a5124e79\"},\"headline\":\"NO SE BAJAN DEL PODIO\",\"datePublished\":\"2022-07-08T14:02:09+00:00\",\"dateModified\":\"2022-07-08T14:02:10+00:00\",\"mainEntityOfPage\":{\"@id\":\"https:\/\/wander.com.ar\/website\/no-se-bajan-del-podio\/\"},\"wordCount\":588,\"publisher\":{\"@id\":\"https:\/\/wander.com.ar\/website\/#organization\"},\"image\":{\"@id\":\"https:\/\/wander.com.ar\/website\/no-se-bajan-del-podio\/#primaryimage\"},\"thumbnailUrl\":\"https:\/\/wander.com.ar\/website\/wp-content\/uploads\/nota_julio.jpg\",\"articleSection\":[\"Novedades\"],\"inLanguage\":\"es\"},{\"@type\":\"WebPage\",\"@id\":\"https:\/\/wander.com.ar\/website\/no-se-bajan-del-podio\/\",\"url\":\"https:\/\/wander.com.ar\/website\/no-se-bajan-del-podio\/\",\"name\":\"NO SE BAJAN DEL PODIO -\",\"isPartOf\":{\"@id\":\"https:\/\/wander.com.ar\/website\/#website\"},\"primaryImageOfPage\":{\"@id\":\"https:\/\/wander.com.ar\/website\/no-se-bajan-del-podio\/#primaryimage\"},\"image\":{\"@id\":\"https:\/\/wander.com.ar\/website\/no-se-bajan-del-podio\/#primaryimage\"},\"thumbnailUrl\":\"https:\/\/wander.com.ar\/website\/wp-content\/uploads\/nota_julio.jpg\",\"datePublished\":\"2022-07-08T14:02:09+00:00\",\"dateModified\":\"2022-07-08T14:02:10+00:00\",\"breadcrumb\":{\"@id\":\"https:\/\/wander.com.ar\/website\/no-se-bajan-del-podio\/#breadcrumb\"},\"inLanguage\":\"es\",\"potentialAction\":[{\"@type\":\"ReadAction\",\"target\":[\"https:\/\/wander.com.ar\/website\/no-se-bajan-del-podio\/\"]}]},{\"@type\":\"ImageObject\",\"inLanguage\":\"es\",\"@id\":\"https:\/\/wander.com.ar\/website\/no-se-bajan-del-podio\/#primaryimage\",\"url\":\"https:\/\/wander.com.ar\/website\/wp-content\/uploads\/nota_julio.jpg\",\"contentUrl\":\"https:\/\/wander.com.ar\/website\/wp-content\/uploads\/nota_julio.jpg\",\"width\":1250,\"height\":706},{\"@type\":\"BreadcrumbList\",\"@id\":\"https:\/\/wander.com.ar\/website\/no-se-bajan-del-podio\/#breadcrumb\",\"itemListElement\":[{\"@type\":\"ListItem\",\"position\":1,\"name\":\"Portada\",\"item\":\"https:\/\/wander.com.ar\/website\/\"},{\"@type\":\"ListItem\",\"position\":2,\"name\":\"NO SE BAJAN DEL PODIO\"}]},{\"@type\":\"WebSite\",\"@id\":\"https:\/\/wander.com.ar\/website\/#website\",\"url\":\"https:\/\/wander.com.ar\/website\/\",\"name\":\"Wander Argentina\",\"description\":\"Productos para el mercado automotor\",\"publisher\":{\"@id\":\"https:\/\/wander.com.ar\/website\/#organization\"},\"alternateName\":\"Wander\",\"potentialAction\":[{\"@type\":\"SearchAction\",\"target\":{\"@type\":\"EntryPoint\",\"urlTemplate\":\"https:\/\/wander.com.ar\/website\/?s={search_term_string}\"},\"query-input\":{\"@type\":\"PropertyValueSpecification\",\"valueRequired\":true,\"valueName\":\"search_term_string\"}}],\"inLanguage\":\"es\"},{\"@type\":\"Organization\",\"@id\":\"https:\/\/wander.com.ar\/website\/#organization\",\"name\":\"Wander Argentina\",\"alternateName\":\"Wander\",\"url\":\"https:\/\/wander.com.ar\/website\/\",\"logo\":{\"@type\":\"ImageObject\",\"inLanguage\":\"es\",\"@id\":\"https:\/\/wander.com.ar\/website\/#\/schema\/logo\/image\/\",\"url\":\"https:\/\/wander.com.ar\/website\/wp-content\/uploads\/wander_isologo_hor_pos.png\",\"contentUrl\":\"https:\/\/wander.com.ar\/website\/wp-content\/uploads\/wander_isologo_hor_pos.png\",\"width\":951,\"height\":333,\"caption\":\"Wander Argentina\"},\"image\":{\"@id\":\"https:\/\/wander.com.ar\/website\/#\/schema\/logo\/image\/\"},\"sameAs\":[\"https:\/\/www.facebook.com\/wanderargentina.ok\/\",\"https:\/\/www.youtube.com\/@WanderRacingTV\",\"https:\/\/www.instagram.com\/wanderargentina.ok\"]},{\"@type\":\"Person\",\"@id\":\"https:\/\/wander.com.ar\/website\/#\/schema\/person\/881458e62efa9ec0a1770a77a5124e79\",\"name\":\"Leonardo Girardi\",\"image\":{\"@type\":\"ImageObject\",\"inLanguage\":\"es\",\"@id\":\"https:\/\/wander.com.ar\/website\/#\/schema\/person\/image\/\",\"url\":\"https:\/\/secure.gravatar.com\/avatar\/02bf58d0e5ec9a22b600363fbff5ea6c5dc0e4a05d54d3a32fcee24fba5e290f?s=96&d=mm&r=g\",\"contentUrl\":\"https:\/\/secure.gravatar.com\/avatar\/02bf58d0e5ec9a22b600363fbff5ea6c5dc0e4a05d54d3a32fcee24fba5e290f?s=96&d=mm&r=g\",\"caption\":\"Leonardo Girardi\"},\"sameAs\":[\"https:\/\/wander.com.ar\"],\"url\":\"https:\/\/wander.com.ar\/website\/author\/leonardo\/\"}]}<\/script>\n<!-- \/ Yoast SEO plugin. -->","yoast_head_json":{"title":"NO SE BAJAN DEL PODIO -","robots":{"index":"noindex","follow":"follow"},"og_locale":"es_ES","og_type":"article","og_title":"NO SE BAJAN DEL PODIO -","og_description":"Los pilotos Wander Racing ganaron en las primeras cuatro fechas de la Temporada 2022 del Certamen Argentino de Motociclismo. Mat\u00edas Frey y Maximiliano Varas obtuvieron los triunfos en 125 Graduados y 450 Internacional. Dami\u00e1n Sosa y Mat\u00edas Lorenzato hicieron podio en ambas carreras. Un gran comienzo que promete una temporada inolvidable.","og_url":"https:\/\/wander.com.ar\/website\/no-se-bajan-del-podio\/","og_site_name":"Wander","article_publisher":"https:\/\/www.facebook.com\/wanderargentina.ok\/","article_published_time":"2022-07-08T14:02:09+00:00","article_modified_time":"2022-07-08T14:02:10+00:00","og_image":[{"width":1250,"height":706,"url":"https:\/\/wander.com.ar\/website\/wp-content\/uploads\/nota_julio.jpg","type":"image\/jpeg"}],"author":"Leonardo Girardi","twitter_card":"summary_large_image","twitter_misc":{"Escrito por":"Leonardo Girardi","Tiempo de lectura":"2 minutos"},"schema":{"@context":"https:\/\/schema.org","@graph":[{"@type":"Article","@id":"https:\/\/wander.com.ar\/website\/no-se-bajan-del-podio\/#article","isPartOf":{"@id":"https:\/\/wander.com.ar\/website\/no-se-bajan-del-podio\/"},"author":{"name":"Leonardo Girardi","@id":"https:\/\/wander.com.ar\/website\/#\/schema\/person\/881458e62efa9ec0a1770a77a5124e79"},"headline":"NO SE BAJAN DEL PODIO","datePublished":"2022-07-08T14:02:09+00:00","dateModified":"2022-07-08T14:02:10+00:00","mainEntityOfPage":{"@id":"https:\/\/wander.com.ar\/website\/no-se-bajan-del-podio\/"},"wordCount":588,"publisher":{"@id":"https:\/\/wander.com.ar\/website\/#organization"},"image":{"@id":"https:\/\/wander.com.ar\/website\/no-se-bajan-del-podio\/#primaryimage"},"thumbnailUrl":"https:\/\/wander.com.ar\/website\/wp-content\/uploads\/nota_julio.jpg","articleSection":["Novedades"],"inLanguage":"es"},{"@type":"WebPage","@id":"https:\/\/wander.com.ar\/website\/no-se-bajan-del-podio\/","url":"https:\/\/wander.com.ar\/website\/no-se-bajan-del-podio\/","name":"NO SE BAJAN DEL PODIO -","isPartOf":{"@id":"https:\/\/wander.com.ar\/website\/#website"},"primaryImageOfPage":{"@id":"https:\/\/wander.com.ar\/website\/no-se-bajan-del-podio\/#primaryimage"},"image":{"@id":"https:\/\/wander.com.ar\/website\/no-se-bajan-del-podio\/#primaryimage"},"thumbnailUrl":"https:\/\/wander.com.ar\/website\/wp-content\/uploads\/nota_julio.jpg","datePublished":"2022-07-08T14:02:09+00:00","dateModified":"2022-07-08T14:02:10+00:00","breadcrumb":{"@id":"https:\/\/wander.com.ar\/website\/no-se-bajan-del-podio\/#breadcrumb"},"inLanguage":"es","potentialAction":[{"@type":"ReadAction","target":["https:\/\/wander.com.ar\/website\/no-se-bajan-del-podio\/"]}]},{"@type":"ImageObject","inLanguage":"es","@id":"https:\/\/wander.com.ar\/website\/no-se-bajan-del-podio\/#primaryimage","url":"https:\/\/wander.com.ar\/website\/wp-content\/uploads\/nota_julio.jpg","contentUrl":"https:\/\/wander.com.ar\/website\/wp-content\/uploads\/nota_julio.jpg","width":1250,"height":706},{"@type":"BreadcrumbList","@id":"https:\/\/wander.com.ar\/website\/no-se-bajan-del-podio\/#breadcrumb","itemListElement":[{"@type":"ListItem","position":1,"name":"Portada","item":"https:\/\/wander.com.ar\/website\/"},{"@type":"ListItem","position":2,"name":"NO SE BAJAN DEL PODIO"}]},{"@type":"WebSite","@id":"https:\/\/wander.com.ar\/website\/#website","url":"https:\/\/wander.com.ar\/website\/","name":"Wander Argentina","description":"Productos para el mercado automotor","publisher":{"@id":"https:\/\/wander.com.ar\/website\/#organization"},"alternateName":"Wander","potentialAction":[{"@type":"SearchAction","target":{"@type":"EntryPoint","urlTemplate":"https:\/\/wander.com.ar\/website\/?s={search_term_string}"},"query-input":{"@type":"PropertyValueSpecification","valueRequired":true,"valueName":"search_term_string"}}],"inLanguage":"es"},{"@type":"Organization","@id":"https:\/\/wander.com.ar\/website\/#organization","name":"Wander Argentina","alternateName":"Wander","url":"https:\/\/wander.com.ar\/website\/","logo":{"@type":"ImageObject","inLanguage":"es","@id":"https:\/\/wander.com.ar\/website\/#\/schema\/logo\/image\/","url":"https:\/\/wander.com.ar\/website\/wp-content\/uploads\/wander_isologo_hor_pos.png","contentUrl":"https:\/\/wander.com.ar\/website\/wp-content\/uploads\/wander_isologo_hor_pos.png","width":951,"height":333,"caption":"Wander Argentina"},"image":{"@id":"https:\/\/wander.com.ar\/website\/#\/schema\/logo\/image\/"},"sameAs":["https:\/\/www.facebook.com\/wanderargentina.ok\/","https:\/\/www.youtube.com\/@WanderRacingTV","https:\/\/www.instagram.com\/wanderargentina.ok"]},{"@type":"Person","@id":"https:\/\/wander.com.ar\/website\/#\/schema\/person\/881458e62efa9ec0a1770a77a5124e79","name":"Leonardo Girardi","image":{"@type":"ImageObject","inLanguage":"es","@id":"https:\/\/wander.com.ar\/website\/#\/schema\/person\/image\/","url":"https:\/\/secure.gravatar.com\/avatar\/02bf58d0e5ec9a22b600363fbff5ea6c5dc0e4a05d54d3a32fcee24fba5e290f?s=96&d=mm&r=g","contentUrl":"https:\/\/secure.gravatar.com\/avatar\/02bf58d0e5ec9a22b600363fbff5ea6c5dc0e4a05d54d3a32fcee24fba5e290f?s=96&d=mm&r=g","caption":"Leonardo Girardi"},"sameAs":["https:\/\/wander.com.ar"],"url":"https:\/\/wander.com.ar\/website\/author\/leonardo\/"}]}},"_links":{"self":[{"href":"https:\/\/wander.com.ar\/website\/wp-json\/wp\/v2\/posts\/6182","targetHints":{"allow":["GET"]}}],"collection":[{"href":"https:\/\/wander.com.ar\/website\/wp-json\/wp\/v2\/posts"}],"about":[{"href":"https:\/\/wander.com.ar\/website\/wp-json\/wp\/v2\/types\/post"}],"author":[{"embeddable":true,"href":"https:\/\/wander.com.ar\/website\/wp-json\/wp\/v2\/users\/10"}],"replies":[{"embeddable":true,"href":"https:\/\/wander.com.ar\/website\/wp-json\/wp\/v2\/comments?post=6182"}],"version-history":[{"count":0,"href":"https:\/\/wander.com.ar\/website\/wp-json\/wp\/v2\/posts\/6182\/revisions"}],"wp:featuredmedia":[{"embeddable":true,"href":"https:\/\/wander.com.ar\/website\/wp-json\/wp\/v2\/media\/6185"}],"wp:attachment":[{"href":"https:\/\/wander.com.ar\/website\/wp-json\/wp\/v2\/media?parent=6182"}],"wp:term":[{"taxonomy":"category","embeddable":true,"href":"https:\/\/wander.com.ar\/website\/wp-json\/wp\/v2\/categories?post=6182"},{"taxonomy":"post_tag","embeddable":true,"href":"https:\/\/wander.com.ar\/website\/wp-json\/wp\/v2\/tags?post=6182"}],"curies":[{"name":"wp","href":"https:\/\/api.w.org\/{rel}","templated":true}]}}