{"id":6450,"date":"2022-11-30T14:57:44","date_gmt":"2022-11-30T14:57:44","guid":{"rendered":"https:\/\/wander.com.ar\/website\/?p=6450"},"modified":"2022-11-30T14:59:35","modified_gmt":"2022-11-30T14:59:35","slug":"matias-lorenzato-se-quedo-con-la-ultima-del-mundial-de-flat-track","status":"publish","type":"post","link":"https:\/\/wander.com.ar\/website\/matias-lorenzato-se-quedo-con-la-ultima-del-mundial-de-flat-track\/","title":{"rendered":"Lorenzato se qued\u00f3 con la \u00faltima del Mundial de Flat Track"},"content":{"rendered":"\n[et_pb_section fb_built=\u00bb1&#8243; _builder_version=\u00bb4.16&#8243; custom_padding=\u00bb3px|||||\u00bb global_colors_info=\u00bb{}\u00bb theme_builder_area=\u00bbpost_content\u00bb][et_pb_row column_structure=\u00bb1_2,1_2&#8243; _builder_version=\u00bb4.17.4&#8243; background_size=\u00bbinitial\u00bb background_position=\u00bbtop_left\u00bb background_repeat=\u00bbrepeat\u00bb width=\u00bb100%\u00bb custom_margin=\u00bb||||false|false\u00bb custom_padding=\u00bb6px||||false|false\u00bb global_colors_info=\u00bb{}\u00bb theme_builder_area=\u00bbpost_content\u00bb][et_pb_column type=\u00bb1_2&#8243; _builder_version=\u00bb4.16&#8243; custom_padding=\u00bb|||\u00bb global_colors_info=\u00bb{}\u00bb custom_padding__hover=\u00bb|||\u00bb theme_builder_area=\u00bbpost_content\u00bb][et_pb_text _builder_version=\u00bb4.19.0&#8243; background_size=\u00bbinitial\u00bb background_position=\u00bbtop_left\u00bb background_repeat=\u00bbrepeat\u00bb custom_margin=\u00bb26px|41px|||false|false\u00bb custom_margin_tablet=\u00bb26px|41px|||false|false\u00bb custom_margin_phone=\u00bb|0px|||false|false\u00bb custom_margin_last_edited=\u00bbon|phone\u00bb global_colors_info=\u00bb{}\u00bb theme_builder_area=\u00bbpost_content\u00bb]<p class=\"p1\"><b>El circuito del Bisalta Motor Park (Boves Cuneo, Italia) fue escenario por tercer a\u00f1o consecutivo de la fecha coronaci\u00f3n del Campeonato del Mundo de Flat Track. <\/b><\/p>\n<p class=\"p1\">En el 5\u00b0 evento de la Tercera Temporada, el cordob\u00e9s Mat\u00edas Lorenzato gan\u00f3 la carrera final en un hecho hist\u00f3rico para el motociclismo argentino. Juan Oliva termin\u00f3 en el 13\u00b0 puesto de competencia y la bonaerense Micaela Bazan qued\u00f3 en el puesto 32.<\/p>\n<p class=\"p1\">Con los resultados obtenidos, Lorenzato qued\u00f3 en el Top Ten del Ranking final: acumul\u00f3 55 puntos y termin\u00f3 10\u00b0.<\/p>\n<p class=\"p1\">Corrieron adem\u00e1s los argentinos Juan Oliva de Laboulaye y Micaela Baz\u00e1n de Deraux, Buenos Aires. Oliva sum\u00f3 31 unidades y qued\u00f3 en el puesto 16. Baz\u00e1n, con dos carreras \u00fanicamente corridas (Hungr\u00eda e Italia), qued\u00f3 en el 32\u00b0 puesto de 40 participantes.<\/p>\n<p class=\"p2\"><strong><span class=\"s1\">BAILO, NUEVO CAMPE\u00d3N DEL MUNDO<\/span><\/strong><\/p>\n<p class=\"p1\">Gerardo Bailo Pellegrin de Espa\u00f1a es el nuevo campe\u00f3n del Mundo de Flat Track. Tras dos a\u00f1os consecutivos con el t\u00edtulo para el fin\u00e9s Lasse Kurvinen, un nuevo piloto se qued\u00f3 con el t\u00edtulo de tierra plana. Bailo, no gan\u00f3 ninguna fecha, pero se subi\u00f3 al podio en tres eventos principales (fue segundo tres veces) super\u00f3 al italiano Mateo Boncinelli (con tres victorias) quien termin\u00f3 como subcampe\u00f3n tras solamente sumar 1 punto en Italia. El checo Ervin Krajcovi termin\u00f3 completando el podio mundialista.<\/p>\n<p>&nbsp;<\/p>\n<p><!-- \/divi:paragraph --><\/p>[\/et_pb_text][\/et_pb_column][et_pb_column type=\u00bb1_2&#8243; _builder_version=\u00bb4.16&#8243; custom_padding=\u00bb|||\u00bb global_colors_info=\u00bb{}\u00bb custom_padding__hover=\u00bb|||\u00bb theme_builder_area=\u00bbpost_content\u00bb][et_pb_image src=\u00bbhttps:\/\/wander.com.ar\/website\/wp-content\/uploads\/lorenzato2.jpg\u00bb title_text=\u00bblorenzato2&#8243; _builder_version=\u00bb4.19.0&#8243; _module_preset=\u00bbdefault\u00bb width=\u00bb77%\u00bb module_alignment=\u00bbcenter\u00bb custom_margin=\u00bb19px|||||\u00bb hover_enabled=\u00bb0&#8243; global_colors_info=\u00bb{}\u00bb theme_builder_area=\u00bbpost_content\u00bb sticky_enabled=\u00bb0&#8243;][\/et_pb_image][et_pb_image src=\u00bbhttps:\/\/wander.com.ar\/website\/wp-content\/uploads\/lorenzato_1.jpg\u00bb title_text=\u00bblorenzato_1&#8243; _builder_version=\u00bb4.19.0&#8243; _module_preset=\u00bbdefault\u00bb width=\u00bb77%\u00bb module_alignment=\u00bbcenter\u00bb custom_margin=\u00bb19px|||||\u00bb hover_enabled=\u00bb0&#8243; global_colors_info=\u00bb{}\u00bb theme_builder_area=\u00bbpost_content\u00bb sticky_enabled=\u00bb0&#8243;][\/et_pb_image][\/et_pb_column][\/et_pb_row][\/et_pb_section]\n","protected":false},"excerpt":{"rendered":"<p>El piloto Wander Racing Mat\u00edas Lorenzato gan\u00f3 la carrera final de la fecha cierre del Campeonato 2022 de Ovalos de Tierra y termin\u00f3 en la 10\u00b0 ubicaci\u00f3n del Ranking.<\/p>\n","protected":false},"author":10,"featured_media":6454,"comment_status":"closed","ping_status":"closed","sticky":false,"template":"","format":"standard","meta":{"_et_pb_use_builder":"on","_et_pb_old_content":"","_et_gb_content_width":"","footnotes":""},"categories":[377],"tags":[],"class_list":["post-6450","post","type-post","status-publish","format-standard","has-post-thumbnail","hentry","category-novedades"],"yoast_head":"<!-- This site is optimized with the Yoast SEO plugin v23.9 - https:\/\/yoast.com\/wordpress\/plugins\/seo\/ -->\n<title>Lorenzato se qued\u00f3 con la \u00faltima del Mundial de Flat Track -<\/title>\n<meta name=\"robots\" content=\"noindex, follow\" \/>\n<meta property=\"og:locale\" content=\"es_ES\" \/>\n<meta property=\"og:type\" content=\"article\" \/>\n<meta property=\"og:title\" content=\"Lorenzato se qued\u00f3 con la \u00faltima del Mundial de Flat Track -\" \/>\n<meta property=\"og:description\" content=\"El piloto Wander Racing Mat\u00edas Lorenzato gan\u00f3 la carrera final de la fecha cierre del Campeonato 2022 de Ovalos de Tierra y termin\u00f3 en la 10\u00b0 ubicaci\u00f3n del Ranking.\" \/>\n<meta property=\"og:url\" content=\"https:\/\/wander.com.ar\/website\/matias-lorenzato-se-quedo-con-la-ultima-del-mundial-de-flat-track\/\" \/>\n<meta property=\"og:site_name\" content=\"Wander\" \/>\n<meta property=\"article:publisher\" content=\"https:\/\/www.facebook.com\/wanderargentina.ok\/\" \/>\n<meta property=\"article:published_time\" content=\"2022-11-30T14:57:44+00:00\" \/>\n<meta property=\"article:modified_time\" content=\"2022-11-30T14:59:35+00:00\" \/>\n<meta property=\"og:image\" content=\"https:\/\/wander.com.ar\/website\/wp-content\/uploads\/lorenzato3.jpg\" \/>\n\t<meta property=\"og:image:width\" content=\"879\" \/>\n\t<meta property=\"og:image:height\" content=\"535\" \/>\n\t<meta property=\"og:image:type\" content=\"image\/jpeg\" \/>\n<meta name=\"author\" content=\"Leonardo Girardi\" \/>\n<meta name=\"twitter:card\" content=\"summary_large_image\" \/>\n<meta name=\"twitter:label1\" content=\"Escrito por\" \/>\n\t<meta name=\"twitter:data1\" content=\"Leonardo Girardi\" \/>\n\t<meta name=\"twitter:label2\" content=\"Tiempo de lectura\" \/>\n\t<meta name=\"twitter:data2\" content=\"2 minutos\" \/>\n<script type=\"application\/ld+json\" class=\"yoast-schema-graph\">{\"@context\":\"https:\/\/schema.org\",\"@graph\":[{\"@type\":\"Article\",\"@id\":\"https:\/\/wander.com.ar\/website\/matias-lorenzato-se-quedo-con-la-ultima-del-mundial-de-flat-track\/#article\",\"isPartOf\":{\"@id\":\"https:\/\/wander.com.ar\/website\/matias-lorenzato-se-quedo-con-la-ultima-del-mundial-de-flat-track\/\"},\"author\":{\"name\":\"Leonardo Girardi\",\"@id\":\"https:\/\/wander.com.ar\/website\/#\/schema\/person\/881458e62efa9ec0a1770a77a5124e79\"},\"headline\":\"Lorenzato se qued\u00f3 con la \u00faltima del Mundial de Flat Track\",\"datePublished\":\"2022-11-30T14:57:44+00:00\",\"dateModified\":\"2022-11-30T14:59:35+00:00\",\"mainEntityOfPage\":{\"@id\":\"https:\/\/wander.com.ar\/website\/matias-lorenzato-se-quedo-con-la-ultima-del-mundial-de-flat-track\/\"},\"wordCount\":477,\"publisher\":{\"@id\":\"https:\/\/wander.com.ar\/website\/#organization\"},\"image\":{\"@id\":\"https:\/\/wander.com.ar\/website\/matias-lorenzato-se-quedo-con-la-ultima-del-mundial-de-flat-track\/#primaryimage\"},\"thumbnailUrl\":\"https:\/\/wander.com.ar\/website\/wp-content\/uploads\/lorenzato3.jpg\",\"articleSection\":[\"Novedades\"],\"inLanguage\":\"es\"},{\"@type\":\"WebPage\",\"@id\":\"https:\/\/wander.com.ar\/website\/matias-lorenzato-se-quedo-con-la-ultima-del-mundial-de-flat-track\/\",\"url\":\"https:\/\/wander.com.ar\/website\/matias-lorenzato-se-quedo-con-la-ultima-del-mundial-de-flat-track\/\",\"name\":\"Lorenzato se qued\u00f3 con la \u00faltima del Mundial de Flat Track -\",\"isPartOf\":{\"@id\":\"https:\/\/wander.com.ar\/website\/#website\"},\"primaryImageOfPage\":{\"@id\":\"https:\/\/wander.com.ar\/website\/matias-lorenzato-se-quedo-con-la-ultima-del-mundial-de-flat-track\/#primaryimage\"},\"image\":{\"@id\":\"https:\/\/wander.com.ar\/website\/matias-lorenzato-se-quedo-con-la-ultima-del-mundial-de-flat-track\/#primaryimage\"},\"thumbnailUrl\":\"https:\/\/wander.com.ar\/website\/wp-content\/uploads\/lorenzato3.jpg\",\"datePublished\":\"2022-11-30T14:57:44+00:00\",\"dateModified\":\"2022-11-30T14:59:35+00:00\",\"breadcrumb\":{\"@id\":\"https:\/\/wander.com.ar\/website\/matias-lorenzato-se-quedo-con-la-ultima-del-mundial-de-flat-track\/#breadcrumb\"},\"inLanguage\":\"es\",\"potentialAction\":[{\"@type\":\"ReadAction\",\"target\":[\"https:\/\/wander.com.ar\/website\/matias-lorenzato-se-quedo-con-la-ultima-del-mundial-de-flat-track\/\"]}]},{\"@type\":\"ImageObject\",\"inLanguage\":\"es\",\"@id\":\"https:\/\/wander.com.ar\/website\/matias-lorenzato-se-quedo-con-la-ultima-del-mundial-de-flat-track\/#primaryimage\",\"url\":\"https:\/\/wander.com.ar\/website\/wp-content\/uploads\/lorenzato3.jpg\",\"contentUrl\":\"https:\/\/wander.com.ar\/website\/wp-content\/uploads\/lorenzato3.jpg\",\"width\":879,\"height\":535},{\"@type\":\"BreadcrumbList\",\"@id\":\"https:\/\/wander.com.ar\/website\/matias-lorenzato-se-quedo-con-la-ultima-del-mundial-de-flat-track\/#breadcrumb\",\"itemListElement\":[{\"@type\":\"ListItem\",\"position\":1,\"name\":\"Portada\",\"item\":\"https:\/\/wander.com.ar\/website\/\"},{\"@type\":\"ListItem\",\"position\":2,\"name\":\"Lorenzato se qued\u00f3 con la \u00faltima del Mundial de Flat Track\"}]},{\"@type\":\"WebSite\",\"@id\":\"https:\/\/wander.com.ar\/website\/#website\",\"url\":\"https:\/\/wander.com.ar\/website\/\",\"name\":\"Wander Argentina\",\"description\":\"Productos para el mercado automotor\",\"publisher\":{\"@id\":\"https:\/\/wander.com.ar\/website\/#organization\"},\"alternateName\":\"Wander\",\"potentialAction\":[{\"@type\":\"SearchAction\",\"target\":{\"@type\":\"EntryPoint\",\"urlTemplate\":\"https:\/\/wander.com.ar\/website\/?s={search_term_string}\"},\"query-input\":{\"@type\":\"PropertyValueSpecification\",\"valueRequired\":true,\"valueName\":\"search_term_string\"}}],\"inLanguage\":\"es\"},{\"@type\":\"Organization\",\"@id\":\"https:\/\/wander.com.ar\/website\/#organization\",\"name\":\"Wander Argentina\",\"alternateName\":\"Wander\",\"url\":\"https:\/\/wander.com.ar\/website\/\",\"logo\":{\"@type\":\"ImageObject\",\"inLanguage\":\"es\",\"@id\":\"https:\/\/wander.com.ar\/website\/#\/schema\/logo\/image\/\",\"url\":\"https:\/\/wander.com.ar\/website\/wp-content\/uploads\/wander_isologo_hor_pos.png\",\"contentUrl\":\"https:\/\/wander.com.ar\/website\/wp-content\/uploads\/wander_isologo_hor_pos.png\",\"width\":951,\"height\":333,\"caption\":\"Wander Argentina\"},\"image\":{\"@id\":\"https:\/\/wander.com.ar\/website\/#\/schema\/logo\/image\/\"},\"sameAs\":[\"https:\/\/www.facebook.com\/wanderargentina.ok\/\",\"https:\/\/www.youtube.com\/@WanderRacingTV\",\"https:\/\/www.instagram.com\/wanderargentina.ok\"]},{\"@type\":\"Person\",\"@id\":\"https:\/\/wander.com.ar\/website\/#\/schema\/person\/881458e62efa9ec0a1770a77a5124e79\",\"name\":\"Leonardo Girardi\",\"image\":{\"@type\":\"ImageObject\",\"inLanguage\":\"es\",\"@id\":\"https:\/\/wander.com.ar\/website\/#\/schema\/person\/image\/\",\"url\":\"https:\/\/secure.gravatar.com\/avatar\/02bf58d0e5ec9a22b600363fbff5ea6c5dc0e4a05d54d3a32fcee24fba5e290f?s=96&d=mm&r=g\",\"contentUrl\":\"https:\/\/secure.gravatar.com\/avatar\/02bf58d0e5ec9a22b600363fbff5ea6c5dc0e4a05d54d3a32fcee24fba5e290f?s=96&d=mm&r=g\",\"caption\":\"Leonardo Girardi\"},\"sameAs\":[\"https:\/\/wander.com.ar\"],\"url\":\"https:\/\/wander.com.ar\/website\/author\/leonardo\/\"}]}<\/script>\n<!-- \/ Yoast SEO plugin. -->","yoast_head_json":{"title":"Lorenzato se qued\u00f3 con la \u00faltima del Mundial de Flat Track -","robots":{"index":"noindex","follow":"follow"},"og_locale":"es_ES","og_type":"article","og_title":"Lorenzato se qued\u00f3 con la \u00faltima del Mundial de Flat Track -","og_description":"El piloto Wander Racing Mat\u00edas Lorenzato gan\u00f3 la carrera final de la fecha cierre del Campeonato 2022 de Ovalos de Tierra y termin\u00f3 en la 10\u00b0 ubicaci\u00f3n del Ranking.","og_url":"https:\/\/wander.com.ar\/website\/matias-lorenzato-se-quedo-con-la-ultima-del-mundial-de-flat-track\/","og_site_name":"Wander","article_publisher":"https:\/\/www.facebook.com\/wanderargentina.ok\/","article_published_time":"2022-11-30T14:57:44+00:00","article_modified_time":"2022-11-30T14:59:35+00:00","og_image":[{"width":879,"height":535,"url":"https:\/\/wander.com.ar\/website\/wp-content\/uploads\/lorenzato3.jpg","type":"image\/jpeg"}],"author":"Leonardo Girardi","twitter_card":"summary_large_image","twitter_misc":{"Escrito por":"Leonardo Girardi","Tiempo de lectura":"2 minutos"},"schema":{"@context":"https:\/\/schema.org","@graph":[{"@type":"Article","@id":"https:\/\/wander.com.ar\/website\/matias-lorenzato-se-quedo-con-la-ultima-del-mundial-de-flat-track\/#article","isPartOf":{"@id":"https:\/\/wander.com.ar\/website\/matias-lorenzato-se-quedo-con-la-ultima-del-mundial-de-flat-track\/"},"author":{"name":"Leonardo Girardi","@id":"https:\/\/wander.com.ar\/website\/#\/schema\/person\/881458e62efa9ec0a1770a77a5124e79"},"headline":"Lorenzato se qued\u00f3 con la \u00faltima del Mundial de Flat Track","datePublished":"2022-11-30T14:57:44+00:00","dateModified":"2022-11-30T14:59:35+00:00","mainEntityOfPage":{"@id":"https:\/\/wander.com.ar\/website\/matias-lorenzato-se-quedo-con-la-ultima-del-mundial-de-flat-track\/"},"wordCount":477,"publisher":{"@id":"https:\/\/wander.com.ar\/website\/#organization"},"image":{"@id":"https:\/\/wander.com.ar\/website\/matias-lorenzato-se-quedo-con-la-ultima-del-mundial-de-flat-track\/#primaryimage"},"thumbnailUrl":"https:\/\/wander.com.ar\/website\/wp-content\/uploads\/lorenzato3.jpg","articleSection":["Novedades"],"inLanguage":"es"},{"@type":"WebPage","@id":"https:\/\/wander.com.ar\/website\/matias-lorenzato-se-quedo-con-la-ultima-del-mundial-de-flat-track\/","url":"https:\/\/wander.com.ar\/website\/matias-lorenzato-se-quedo-con-la-ultima-del-mundial-de-flat-track\/","name":"Lorenzato se qued\u00f3 con la \u00faltima del Mundial de Flat Track -","isPartOf":{"@id":"https:\/\/wander.com.ar\/website\/#website"},"primaryImageOfPage":{"@id":"https:\/\/wander.com.ar\/website\/matias-lorenzato-se-quedo-con-la-ultima-del-mundial-de-flat-track\/#primaryimage"},"image":{"@id":"https:\/\/wander.com.ar\/website\/matias-lorenzato-se-quedo-con-la-ultima-del-mundial-de-flat-track\/#primaryimage"},"thumbnailUrl":"https:\/\/wander.com.ar\/website\/wp-content\/uploads\/lorenzato3.jpg","datePublished":"2022-11-30T14:57:44+00:00","dateModified":"2022-11-30T14:59:35+00:00","breadcrumb":{"@id":"https:\/\/wander.com.ar\/website\/matias-lorenzato-se-quedo-con-la-ultima-del-mundial-de-flat-track\/#breadcrumb"},"inLanguage":"es","potentialAction":[{"@type":"ReadAction","target":["https:\/\/wander.com.ar\/website\/matias-lorenzato-se-quedo-con-la-ultima-del-mundial-de-flat-track\/"]}]},{"@type":"ImageObject","inLanguage":"es","@id":"https:\/\/wander.com.ar\/website\/matias-lorenzato-se-quedo-con-la-ultima-del-mundial-de-flat-track\/#primaryimage","url":"https:\/\/wander.com.ar\/website\/wp-content\/uploads\/lorenzato3.jpg","contentUrl":"https:\/\/wander.com.ar\/website\/wp-content\/uploads\/lorenzato3.jpg","width":879,"height":535},{"@type":"BreadcrumbList","@id":"https:\/\/wander.com.ar\/website\/matias-lorenzato-se-quedo-con-la-ultima-del-mundial-de-flat-track\/#breadcrumb","itemListElement":[{"@type":"ListItem","position":1,"name":"Portada","item":"https:\/\/wander.com.ar\/website\/"},{"@type":"ListItem","position":2,"name":"Lorenzato se qued\u00f3 con la \u00faltima del Mundial de Flat Track"}]},{"@type":"WebSite","@id":"https:\/\/wander.com.ar\/website\/#website","url":"https:\/\/wander.com.ar\/website\/","name":"Wander Argentina","description":"Productos para el mercado automotor","publisher":{"@id":"https:\/\/wander.com.ar\/website\/#organization"},"alternateName":"Wander","potentialAction":[{"@type":"SearchAction","target":{"@type":"EntryPoint","urlTemplate":"https:\/\/wander.com.ar\/website\/?s={search_term_string}"},"query-input":{"@type":"PropertyValueSpecification","valueRequired":true,"valueName":"search_term_string"}}],"inLanguage":"es"},{"@type":"Organization","@id":"https:\/\/wander.com.ar\/website\/#organization","name":"Wander Argentina","alternateName":"Wander","url":"https:\/\/wander.com.ar\/website\/","logo":{"@type":"ImageObject","inLanguage":"es","@id":"https:\/\/wander.com.ar\/website\/#\/schema\/logo\/image\/","url":"https:\/\/wander.com.ar\/website\/wp-content\/uploads\/wander_isologo_hor_pos.png","contentUrl":"https:\/\/wander.com.ar\/website\/wp-content\/uploads\/wander_isologo_hor_pos.png","width":951,"height":333,"caption":"Wander Argentina"},"image":{"@id":"https:\/\/wander.com.ar\/website\/#\/schema\/logo\/image\/"},"sameAs":["https:\/\/www.facebook.com\/wanderargentina.ok\/","https:\/\/www.youtube.com\/@WanderRacingTV","https:\/\/www.instagram.com\/wanderargentina.ok"]},{"@type":"Person","@id":"https:\/\/wander.com.ar\/website\/#\/schema\/person\/881458e62efa9ec0a1770a77a5124e79","name":"Leonardo Girardi","image":{"@type":"ImageObject","inLanguage":"es","@id":"https:\/\/wander.com.ar\/website\/#\/schema\/person\/image\/","url":"https:\/\/secure.gravatar.com\/avatar\/02bf58d0e5ec9a22b600363fbff5ea6c5dc0e4a05d54d3a32fcee24fba5e290f?s=96&d=mm&r=g","contentUrl":"https:\/\/secure.gravatar.com\/avatar\/02bf58d0e5ec9a22b600363fbff5ea6c5dc0e4a05d54d3a32fcee24fba5e290f?s=96&d=mm&r=g","caption":"Leonardo Girardi"},"sameAs":["https:\/\/wander.com.ar"],"url":"https:\/\/wander.com.ar\/website\/author\/leonardo\/"}]}},"_links":{"self":[{"href":"https:\/\/wander.com.ar\/website\/wp-json\/wp\/v2\/posts\/6450","targetHints":{"allow":["GET"]}}],"collection":[{"href":"https:\/\/wander.com.ar\/website\/wp-json\/wp\/v2\/posts"}],"about":[{"href":"https:\/\/wander.com.ar\/website\/wp-json\/wp\/v2\/types\/post"}],"author":[{"embeddable":true,"href":"https:\/\/wander.com.ar\/website\/wp-json\/wp\/v2\/users\/10"}],"replies":[{"embeddable":true,"href":"https:\/\/wander.com.ar\/website\/wp-json\/wp\/v2\/comments?post=6450"}],"version-history":[{"count":0,"href":"https:\/\/wander.com.ar\/website\/wp-json\/wp\/v2\/posts\/6450\/revisions"}],"wp:featuredmedia":[{"embeddable":true,"href":"https:\/\/wander.com.ar\/website\/wp-json\/wp\/v2\/media\/6454"}],"wp:attachment":[{"href":"https:\/\/wander.com.ar\/website\/wp-json\/wp\/v2\/media?parent=6450"}],"wp:term":[{"taxonomy":"category","embeddable":true,"href":"https:\/\/wander.com.ar\/website\/wp-json\/wp\/v2\/categories?post=6450"},{"taxonomy":"post_tag","embeddable":true,"href":"https:\/\/wander.com.ar\/website\/wp-json\/wp\/v2\/tags?post=6450"}],"curies":[{"name":"wp","href":"https:\/\/api.w.org\/{rel}","templated":true}]}}