{"id":6480,"date":"2023-04-20T15:21:52","date_gmt":"2023-04-20T15:21:52","guid":{"rendered":"https:\/\/wander.com.ar\/website\/?p=6480"},"modified":"2023-11-14T12:46:01","modified_gmt":"2023-11-14T15:46:01","slug":"matias-lorenzato-al-mundial-de-flat-track-2023","status":"publish","type":"post","link":"https:\/\/wander.com.ar\/website\/matias-lorenzato-al-mundial-de-flat-track-2023\/","title":{"rendered":"Mat\u00edas Lorenzato al Mundial de Flat Track 2023"},"content":{"rendered":"<p>[et_pb_section fb_built=\u00bb1&#8243; _builder_version=\u00bb4.16&#8243; custom_padding=\u00bb3px|||||\u00bb global_colors_info=\u00bb{}\u00bb theme_builder_area=\u00bbpost_content\u00bb][et_pb_row column_structure=\u00bb1_2,1_2&#8243; _builder_version=\u00bb4.17.4&#8243; background_size=\u00bbinitial\u00bb background_position=\u00bbtop_left\u00bb background_repeat=\u00bbrepeat\u00bb width=\u00bb100%\u00bb custom_margin=\u00bb||||false|false\u00bb custom_padding=\u00bb6px||||false|false\u00bb global_colors_info=\u00bb{}\u00bb theme_builder_area=\u00bbpost_content\u00bb][et_pb_column type=\u00bb1_2&#8243; _builder_version=\u00bb4.16&#8243; custom_padding=\u00bb|||\u00bb global_colors_info=\u00bb{}\u00bb custom_padding__hover=\u00bb|||\u00bb theme_builder_area=\u00bbpost_content\u00bb][et_pb_text _builder_version=\u00bb4.19.0&#8243; background_size=\u00bbinitial\u00bb background_position=\u00bbtop_left\u00bb background_repeat=\u00bbrepeat\u00bb custom_margin=\u00bb26px|41px|||false|false\u00bb custom_margin_tablet=\u00bb26px|41px|||false|false\u00bb custom_margin_phone=\u00bb|0px|||false|false\u00bb custom_margin_last_edited=\u00bbon|phone\u00bb global_colors_info=\u00bb{}\u00bb theme_builder_area=\u00bbpost_content\u00bb]<\/p>\n<p class=\"p1\"><strong>Tras su debut en la Edici\u00f3n 2022 y siendo Top Ten incluiyendo un triunfo general de fecha en Italia, Mat\u00edas Lorenzato se sumar\u00e1 al Equipo VFR Racing sobre una Gas Gas 450. El Team pertenece al italiano Fabrizio Vesprini, quien ya present\u00f3 formaciones con KTM y fue gran protagonista del 3\u00b0 Mundial de la mano de otro italiano, Matteo Boncinelli.<\/strong><\/p>\n<p class=\"p1\"><span class=\"s1\">El piloto de Mina Clavero particip\u00f3 junto a otro cordob\u00e9s, Juan Oliva, en la Edici\u00f3n 2022 del Mundial de Pista Plana con buenos resultados. El 8 veces campe\u00f3n del Certamen Argentino de Motociclismo gan\u00f3 varios Heats y se qued\u00f3 con la victoria del Evento Principal en la 5\u00b0 y \u00faltima fecha de Bisalta Park, en Boves Cuneo, Italia, en el formato de competencia TT.<\/span><\/p>\n<blockquote>\n<p class=\"p1\"><b>El piloto de Mina Clavero particip\u00f3 en la Edici\u00f3n 2022 del Mundial de Pista Plana con buenos resultados.<\/b><\/p>\n<\/blockquote>\n<p class=\"p1\"><span class=\"s1\"><\/span><\/p>\n<p class=\"p1\">El Mundial cumplir\u00e1 su cuarta edici\u00f3n consecutiva desde que se inici\u00f3 en 2020 cuando otro piloto Wander Racing fuera part\u00edcipe: Mat\u00edas Frey.<\/p>\n<p class=\"p1\">E<span class=\"s1\">n 2023 el Campeonato FIM se estar\u00eda corriendo nuevamente con 5 fechas pero todas en el lapso de 5 fines de semana consecutivos. Esto permitir\u00eda a Lorenzato no perderse gran parte de la Temporada del Certamen Argentino de Motociclismo donde correr\u00e1 en 125cc Graduados y 450cc Internacional, categor\u00edas donde ya fue campe\u00f3n del CAM.<\/span><\/p>\n<p>&nbsp;<\/p>\n<p>&nbsp;<\/p>\n<p>&nbsp;<\/p>\n<p><!-- \/divi:paragraph -->[\/et_pb_text][\/et_pb_column][et_pb_column type=\u00bb1_2&#8243; _builder_version=\u00bb4.16&#8243; custom_padding=\u00bb|||\u00bb global_colors_info=\u00bb{}\u00bb custom_padding__hover=\u00bb|||\u00bb theme_builder_area=\u00bbpost_content\u00bb][et_pb_image src=\u00bbhttps:\/\/wander.com.ar\/website\/wp-content\/uploads\/Lorenzato_2.jpg\u00bb title_text=\u00bbLorenzato_2&#8243; _builder_version=\u00bb4.20.0&#8243; _module_preset=\u00bbdefault\u00bb width=\u00bb77%\u00bb module_alignment=\u00bbcenter\u00bb custom_margin=\u00bb19px|||||\u00bb hover_enabled=\u00bb0&#8243; global_colors_info=\u00bb{}\u00bb theme_builder_area=\u00bbpost_content\u00bb sticky_enabled=\u00bb0&#8243;][\/et_pb_image][\/et_pb_column][\/et_pb_row][\/et_pb_section]<\/p>\n","protected":false},"excerpt":{"rendered":"<p>El piloto Wander Racing estar\u00e1 por segundo a\u00f1o consecutivo en el Campeonato del Mundo de Flat Track (\u00f3valos de Tierra). <\/p>\n","protected":false},"author":10,"featured_media":6482,"comment_status":"closed","ping_status":"closed","sticky":false,"template":"","format":"standard","meta":{"_et_pb_use_builder":"on","_et_pb_old_content":"","_et_gb_content_width":"","footnotes":""},"categories":[377],"tags":[],"class_list":["post-6480","post","type-post","status-publish","format-standard","has-post-thumbnail","hentry","category-novedades"],"yoast_head":"<!-- This site is optimized with the Yoast SEO plugin v23.9 - https:\/\/yoast.com\/wordpress\/plugins\/seo\/ -->\n<title>Mat\u00edas Lorenzato al Mundial de Flat Track 2023 -<\/title>\n<meta name=\"robots\" content=\"noindex, follow\" \/>\n<meta property=\"og:locale\" content=\"es_ES\" \/>\n<meta property=\"og:type\" content=\"article\" \/>\n<meta property=\"og:title\" content=\"Mat\u00edas Lorenzato al Mundial de Flat Track 2023 -\" \/>\n<meta property=\"og:description\" content=\"El piloto Wander Racing estar\u00e1 por segundo a\u00f1o consecutivo en el Campeonato del Mundo de Flat Track (\u00f3valos de Tierra).\" \/>\n<meta property=\"og:url\" content=\"https:\/\/wander.com.ar\/website\/matias-lorenzato-al-mundial-de-flat-track-2023\/\" \/>\n<meta property=\"og:site_name\" content=\"Wander\" \/>\n<meta property=\"article:publisher\" content=\"https:\/\/www.facebook.com\/wanderargentina.ok\/\" \/>\n<meta property=\"article:published_time\" content=\"2023-04-20T15:21:52+00:00\" \/>\n<meta property=\"article:modified_time\" content=\"2023-11-14T15:46:01+00:00\" \/>\n<meta property=\"og:image\" content=\"https:\/\/wander.com.ar\/website\/wp-content\/uploads\/matias_lorenzato_1.jpg\" \/>\n\t<meta property=\"og:image:width\" content=\"879\" \/>\n\t<meta property=\"og:image:height\" content=\"535\" \/>\n\t<meta property=\"og:image:type\" content=\"image\/jpeg\" \/>\n<meta name=\"author\" content=\"Leonardo Girardi\" \/>\n<meta name=\"twitter:card\" content=\"summary_large_image\" \/>\n<meta name=\"twitter:label1\" content=\"Escrito por\" \/>\n\t<meta name=\"twitter:data1\" content=\"Leonardo Girardi\" \/>\n<script type=\"application\/ld+json\" class=\"yoast-schema-graph\">{\"@context\":\"https:\/\/schema.org\",\"@graph\":[{\"@type\":\"Article\",\"@id\":\"https:\/\/wander.com.ar\/website\/matias-lorenzato-al-mundial-de-flat-track-2023\/#article\",\"isPartOf\":{\"@id\":\"https:\/\/wander.com.ar\/website\/matias-lorenzato-al-mundial-de-flat-track-2023\/\"},\"author\":{\"name\":\"Leonardo Girardi\",\"@id\":\"https:\/\/wander.com.ar\/website\/#\/schema\/person\/881458e62efa9ec0a1770a77a5124e79\"},\"headline\":\"Mat\u00edas Lorenzato al Mundial de Flat Track 2023\",\"datePublished\":\"2023-04-20T15:21:52+00:00\",\"dateModified\":\"2023-11-14T15:46:01+00:00\",\"mainEntityOfPage\":{\"@id\":\"https:\/\/wander.com.ar\/website\/matias-lorenzato-al-mundial-de-flat-track-2023\/\"},\"wordCount\":428,\"publisher\":{\"@id\":\"https:\/\/wander.com.ar\/website\/#organization\"},\"image\":{\"@id\":\"https:\/\/wander.com.ar\/website\/matias-lorenzato-al-mundial-de-flat-track-2023\/#primaryimage\"},\"thumbnailUrl\":\"https:\/\/wander.com.ar\/website\/wp-content\/uploads\/matias_lorenzato_1.jpg\",\"articleSection\":[\"Novedades\"],\"inLanguage\":\"es\"},{\"@type\":\"WebPage\",\"@id\":\"https:\/\/wander.com.ar\/website\/matias-lorenzato-al-mundial-de-flat-track-2023\/\",\"url\":\"https:\/\/wander.com.ar\/website\/matias-lorenzato-al-mundial-de-flat-track-2023\/\",\"name\":\"Mat\u00edas Lorenzato al Mundial de Flat Track 2023 -\",\"isPartOf\":{\"@id\":\"https:\/\/wander.com.ar\/website\/#website\"},\"primaryImageOfPage\":{\"@id\":\"https:\/\/wander.com.ar\/website\/matias-lorenzato-al-mundial-de-flat-track-2023\/#primaryimage\"},\"image\":{\"@id\":\"https:\/\/wander.com.ar\/website\/matias-lorenzato-al-mundial-de-flat-track-2023\/#primaryimage\"},\"thumbnailUrl\":\"https:\/\/wander.com.ar\/website\/wp-content\/uploads\/matias_lorenzato_1.jpg\",\"datePublished\":\"2023-04-20T15:21:52+00:00\",\"dateModified\":\"2023-11-14T15:46:01+00:00\",\"breadcrumb\":{\"@id\":\"https:\/\/wander.com.ar\/website\/matias-lorenzato-al-mundial-de-flat-track-2023\/#breadcrumb\"},\"inLanguage\":\"es\",\"potentialAction\":[{\"@type\":\"ReadAction\",\"target\":[\"https:\/\/wander.com.ar\/website\/matias-lorenzato-al-mundial-de-flat-track-2023\/\"]}]},{\"@type\":\"ImageObject\",\"inLanguage\":\"es\",\"@id\":\"https:\/\/wander.com.ar\/website\/matias-lorenzato-al-mundial-de-flat-track-2023\/#primaryimage\",\"url\":\"https:\/\/wander.com.ar\/website\/wp-content\/uploads\/matias_lorenzato_1.jpg\",\"contentUrl\":\"https:\/\/wander.com.ar\/website\/wp-content\/uploads\/matias_lorenzato_1.jpg\",\"width\":879,\"height\":535},{\"@type\":\"BreadcrumbList\",\"@id\":\"https:\/\/wander.com.ar\/website\/matias-lorenzato-al-mundial-de-flat-track-2023\/#breadcrumb\",\"itemListElement\":[{\"@type\":\"ListItem\",\"position\":1,\"name\":\"Portada\",\"item\":\"https:\/\/wander.com.ar\/website\/\"},{\"@type\":\"ListItem\",\"position\":2,\"name\":\"Mat\u00edas Lorenzato al Mundial de Flat Track 2023\"}]},{\"@type\":\"WebSite\",\"@id\":\"https:\/\/wander.com.ar\/website\/#website\",\"url\":\"https:\/\/wander.com.ar\/website\/\",\"name\":\"Wander Argentina\",\"description\":\"Productos para el mercado automotor\",\"publisher\":{\"@id\":\"https:\/\/wander.com.ar\/website\/#organization\"},\"alternateName\":\"Wander\",\"potentialAction\":[{\"@type\":\"SearchAction\",\"target\":{\"@type\":\"EntryPoint\",\"urlTemplate\":\"https:\/\/wander.com.ar\/website\/?s={search_term_string}\"},\"query-input\":{\"@type\":\"PropertyValueSpecification\",\"valueRequired\":true,\"valueName\":\"search_term_string\"}}],\"inLanguage\":\"es\"},{\"@type\":\"Organization\",\"@id\":\"https:\/\/wander.com.ar\/website\/#organization\",\"name\":\"Wander Argentina\",\"alternateName\":\"Wander\",\"url\":\"https:\/\/wander.com.ar\/website\/\",\"logo\":{\"@type\":\"ImageObject\",\"inLanguage\":\"es\",\"@id\":\"https:\/\/wander.com.ar\/website\/#\/schema\/logo\/image\/\",\"url\":\"https:\/\/wander.com.ar\/website\/wp-content\/uploads\/wander_isologo_hor_pos.png\",\"contentUrl\":\"https:\/\/wander.com.ar\/website\/wp-content\/uploads\/wander_isologo_hor_pos.png\",\"width\":951,\"height\":333,\"caption\":\"Wander Argentina\"},\"image\":{\"@id\":\"https:\/\/wander.com.ar\/website\/#\/schema\/logo\/image\/\"},\"sameAs\":[\"https:\/\/www.facebook.com\/wanderargentina.ok\/\",\"https:\/\/www.youtube.com\/@WanderRacingTV\",\"https:\/\/www.instagram.com\/wanderargentina.ok\"]},{\"@type\":\"Person\",\"@id\":\"https:\/\/wander.com.ar\/website\/#\/schema\/person\/881458e62efa9ec0a1770a77a5124e79\",\"name\":\"Leonardo Girardi\",\"image\":{\"@type\":\"ImageObject\",\"inLanguage\":\"es\",\"@id\":\"https:\/\/wander.com.ar\/website\/#\/schema\/person\/image\/\",\"url\":\"https:\/\/secure.gravatar.com\/avatar\/02bf58d0e5ec9a22b600363fbff5ea6c5dc0e4a05d54d3a32fcee24fba5e290f?s=96&d=mm&r=g\",\"contentUrl\":\"https:\/\/secure.gravatar.com\/avatar\/02bf58d0e5ec9a22b600363fbff5ea6c5dc0e4a05d54d3a32fcee24fba5e290f?s=96&d=mm&r=g\",\"caption\":\"Leonardo Girardi\"},\"sameAs\":[\"https:\/\/wander.com.ar\"],\"url\":\"https:\/\/wander.com.ar\/website\/author\/leonardo\/\"}]}<\/script>\n<!-- \/ Yoast SEO plugin. -->","yoast_head_json":{"title":"Mat\u00edas Lorenzato al Mundial de Flat Track 2023 -","robots":{"index":"noindex","follow":"follow"},"og_locale":"es_ES","og_type":"article","og_title":"Mat\u00edas Lorenzato al Mundial de Flat Track 2023 -","og_description":"El piloto Wander Racing estar\u00e1 por segundo a\u00f1o consecutivo en el Campeonato del Mundo de Flat Track (\u00f3valos de Tierra).","og_url":"https:\/\/wander.com.ar\/website\/matias-lorenzato-al-mundial-de-flat-track-2023\/","og_site_name":"Wander","article_publisher":"https:\/\/www.facebook.com\/wanderargentina.ok\/","article_published_time":"2023-04-20T15:21:52+00:00","article_modified_time":"2023-11-14T15:46:01+00:00","og_image":[{"width":879,"height":535,"url":"https:\/\/wander.com.ar\/website\/wp-content\/uploads\/matias_lorenzato_1.jpg","type":"image\/jpeg"}],"author":"Leonardo Girardi","twitter_card":"summary_large_image","twitter_misc":{"Escrito por":"Leonardo Girardi"},"schema":{"@context":"https:\/\/schema.org","@graph":[{"@type":"Article","@id":"https:\/\/wander.com.ar\/website\/matias-lorenzato-al-mundial-de-flat-track-2023\/#article","isPartOf":{"@id":"https:\/\/wander.com.ar\/website\/matias-lorenzato-al-mundial-de-flat-track-2023\/"},"author":{"name":"Leonardo Girardi","@id":"https:\/\/wander.com.ar\/website\/#\/schema\/person\/881458e62efa9ec0a1770a77a5124e79"},"headline":"Mat\u00edas Lorenzato al Mundial de Flat Track 2023","datePublished":"2023-04-20T15:21:52+00:00","dateModified":"2023-11-14T15:46:01+00:00","mainEntityOfPage":{"@id":"https:\/\/wander.com.ar\/website\/matias-lorenzato-al-mundial-de-flat-track-2023\/"},"wordCount":428,"publisher":{"@id":"https:\/\/wander.com.ar\/website\/#organization"},"image":{"@id":"https:\/\/wander.com.ar\/website\/matias-lorenzato-al-mundial-de-flat-track-2023\/#primaryimage"},"thumbnailUrl":"https:\/\/wander.com.ar\/website\/wp-content\/uploads\/matias_lorenzato_1.jpg","articleSection":["Novedades"],"inLanguage":"es"},{"@type":"WebPage","@id":"https:\/\/wander.com.ar\/website\/matias-lorenzato-al-mundial-de-flat-track-2023\/","url":"https:\/\/wander.com.ar\/website\/matias-lorenzato-al-mundial-de-flat-track-2023\/","name":"Mat\u00edas Lorenzato al Mundial de Flat Track 2023 -","isPartOf":{"@id":"https:\/\/wander.com.ar\/website\/#website"},"primaryImageOfPage":{"@id":"https:\/\/wander.com.ar\/website\/matias-lorenzato-al-mundial-de-flat-track-2023\/#primaryimage"},"image":{"@id":"https:\/\/wander.com.ar\/website\/matias-lorenzato-al-mundial-de-flat-track-2023\/#primaryimage"},"thumbnailUrl":"https:\/\/wander.com.ar\/website\/wp-content\/uploads\/matias_lorenzato_1.jpg","datePublished":"2023-04-20T15:21:52+00:00","dateModified":"2023-11-14T15:46:01+00:00","breadcrumb":{"@id":"https:\/\/wander.com.ar\/website\/matias-lorenzato-al-mundial-de-flat-track-2023\/#breadcrumb"},"inLanguage":"es","potentialAction":[{"@type":"ReadAction","target":["https:\/\/wander.com.ar\/website\/matias-lorenzato-al-mundial-de-flat-track-2023\/"]}]},{"@type":"ImageObject","inLanguage":"es","@id":"https:\/\/wander.com.ar\/website\/matias-lorenzato-al-mundial-de-flat-track-2023\/#primaryimage","url":"https:\/\/wander.com.ar\/website\/wp-content\/uploads\/matias_lorenzato_1.jpg","contentUrl":"https:\/\/wander.com.ar\/website\/wp-content\/uploads\/matias_lorenzato_1.jpg","width":879,"height":535},{"@type":"BreadcrumbList","@id":"https:\/\/wander.com.ar\/website\/matias-lorenzato-al-mundial-de-flat-track-2023\/#breadcrumb","itemListElement":[{"@type":"ListItem","position":1,"name":"Portada","item":"https:\/\/wander.com.ar\/website\/"},{"@type":"ListItem","position":2,"name":"Mat\u00edas Lorenzato al Mundial de Flat Track 2023"}]},{"@type":"WebSite","@id":"https:\/\/wander.com.ar\/website\/#website","url":"https:\/\/wander.com.ar\/website\/","name":"Wander Argentina","description":"Productos para el mercado automotor","publisher":{"@id":"https:\/\/wander.com.ar\/website\/#organization"},"alternateName":"Wander","potentialAction":[{"@type":"SearchAction","target":{"@type":"EntryPoint","urlTemplate":"https:\/\/wander.com.ar\/website\/?s={search_term_string}"},"query-input":{"@type":"PropertyValueSpecification","valueRequired":true,"valueName":"search_term_string"}}],"inLanguage":"es"},{"@type":"Organization","@id":"https:\/\/wander.com.ar\/website\/#organization","name":"Wander Argentina","alternateName":"Wander","url":"https:\/\/wander.com.ar\/website\/","logo":{"@type":"ImageObject","inLanguage":"es","@id":"https:\/\/wander.com.ar\/website\/#\/schema\/logo\/image\/","url":"https:\/\/wander.com.ar\/website\/wp-content\/uploads\/wander_isologo_hor_pos.png","contentUrl":"https:\/\/wander.com.ar\/website\/wp-content\/uploads\/wander_isologo_hor_pos.png","width":951,"height":333,"caption":"Wander Argentina"},"image":{"@id":"https:\/\/wander.com.ar\/website\/#\/schema\/logo\/image\/"},"sameAs":["https:\/\/www.facebook.com\/wanderargentina.ok\/","https:\/\/www.youtube.com\/@WanderRacingTV","https:\/\/www.instagram.com\/wanderargentina.ok"]},{"@type":"Person","@id":"https:\/\/wander.com.ar\/website\/#\/schema\/person\/881458e62efa9ec0a1770a77a5124e79","name":"Leonardo Girardi","image":{"@type":"ImageObject","inLanguage":"es","@id":"https:\/\/wander.com.ar\/website\/#\/schema\/person\/image\/","url":"https:\/\/secure.gravatar.com\/avatar\/02bf58d0e5ec9a22b600363fbff5ea6c5dc0e4a05d54d3a32fcee24fba5e290f?s=96&d=mm&r=g","contentUrl":"https:\/\/secure.gravatar.com\/avatar\/02bf58d0e5ec9a22b600363fbff5ea6c5dc0e4a05d54d3a32fcee24fba5e290f?s=96&d=mm&r=g","caption":"Leonardo Girardi"},"sameAs":["https:\/\/wander.com.ar"],"url":"https:\/\/wander.com.ar\/website\/author\/leonardo\/"}]}},"_links":{"self":[{"href":"https:\/\/wander.com.ar\/website\/wp-json\/wp\/v2\/posts\/6480","targetHints":{"allow":["GET"]}}],"collection":[{"href":"https:\/\/wander.com.ar\/website\/wp-json\/wp\/v2\/posts"}],"about":[{"href":"https:\/\/wander.com.ar\/website\/wp-json\/wp\/v2\/types\/post"}],"author":[{"embeddable":true,"href":"https:\/\/wander.com.ar\/website\/wp-json\/wp\/v2\/users\/10"}],"replies":[{"embeddable":true,"href":"https:\/\/wander.com.ar\/website\/wp-json\/wp\/v2\/comments?post=6480"}],"version-history":[{"count":0,"href":"https:\/\/wander.com.ar\/website\/wp-json\/wp\/v2\/posts\/6480\/revisions"}],"wp:featuredmedia":[{"embeddable":true,"href":"https:\/\/wander.com.ar\/website\/wp-json\/wp\/v2\/media\/6482"}],"wp:attachment":[{"href":"https:\/\/wander.com.ar\/website\/wp-json\/wp\/v2\/media?parent=6480"}],"wp:term":[{"taxonomy":"category","embeddable":true,"href":"https:\/\/wander.com.ar\/website\/wp-json\/wp\/v2\/categories?post=6480"},{"taxonomy":"post_tag","embeddable":true,"href":"https:\/\/wander.com.ar\/website\/wp-json\/wp\/v2\/tags?post=6480"}],"curies":[{"name":"wp","href":"https:\/\/api.w.org\/{rel}","templated":true}]}}