{"id":7393,"date":"2024-01-11T10:34:00","date_gmt":"2024-01-11T13:34:00","guid":{"rendered":"https:\/\/wander.com.ar\/website\/?p=7393"},"modified":"2024-07-18T11:58:55","modified_gmt":"2024-07-18T14:58:55","slug":"benja-peralta-de-campeon-argentino-al-selectivo-de-brasil-2024","status":"publish","type":"post","link":"https:\/\/wander.com.ar\/website\/benja-peralta-de-campeon-argentino-al-selectivo-de-brasil-2024\/","title":{"rendered":"BENJA PERALTA, DE CAMPE\u00d3N ARGENTINO AL SELECTIVO DE BRASIL 2024"},"content":{"rendered":"\n<p> El domingo 10 de diciembre en el Aut\u00f3dromo Oscar y Juan G\u00e1lvez de Buenos Aires, Benjam\u00edn Peralta cumpli\u00f3 su primer objetivo: con 12 a\u00f1os de edad se consagr\u00f3 campe\u00f3n argentino de la Divisional Junior Cup 250cc.&nbsp; El piloto de San Carlos Centro, Santa Fe; se impuso en la 4\u00aa y \u00faltima fecha del Campeonato de SBK Argentino y con dos victorias y un segundo puesto, le alcanz\u00f3 para cerrar a su favor su primer t\u00edtulo en el motociclismo de velocidad.\n<\/p>\n\n\n\n<p><\/p>\n\n\n\n<blockquote class=\"wp-block-quote is-layout-flow wp-block-quote-is-layout-flow\">\n<p>\u201cPudimos hacer la diferencia no bien comenzada la carrera y tratamos de mantener el ritmo todas las vueltas. Fue importante hacer la pole y aprovechamos salir adelante en competencia. Ser campe\u00f3n argentino fue siempre un sue\u00f1o y lo pudimos lograr. Se lo dedico a todos mis sponsors, a toda la gente de San Carlos y sobre todo para mi pap\u00e1\u201d, dijo Benja tras la consagraci\u00f3n.<\/p>\n<\/blockquote>\n\n\n\n<h2 class=\"wp-block-heading has-medium-font-size\">SELECTIVO y A BRASIL 2024<\/h2>\n\n\n\n<p>A\u00fan con las repercusiones de su logro y los festejos mediante, Benjam\u00edn viaj\u00f3 junto a su padre Leonardo a San Pablo, Brasil. All\u00ed cumpli\u00f3 con su segundo y \u00faltimo objetivo de 2023: el Selectivo del Campeonato Latinoamericano de R15. Yamaha Brasil en su proyecto de expansi\u00f3n del motociclismo sudamericano, cre\u00f3 la Categor\u00eda R 15 150cc y para 2024 iniciar\u00e1 el primer Campeonato Latino con pilotos de 9 a 14 a\u00f1os de edad.<\/p>\n\n\n\n<figure class=\"wp-block-gallery has-nested-images columns-default is-cropped wp-block-gallery-1 is-layout-flex wp-block-gallery-is-layout-flex\">\n<figure data-wp-context=\"{&quot;imageId&quot;:&quot;69f4d4ca63c66&quot;}\" data-wp-interactive=\"core\/image\" data-wp-key=\"69f4d4ca63c66\" class=\"wp-block-image size-large is-style-default wp-lightbox-container\"><img loading=\"lazy\" decoding=\"async\" width=\"1150\" height=\"647\" data-wp-class--hide=\"state.isContentHidden\" data-wp-class--show=\"state.isContentVisible\" data-wp-init=\"callbacks.setButtonStyles\" data-wp-on--click=\"actions.showLightbox\" data-wp-on--load=\"callbacks.setButtonStyles\" data-wp-on-window--resize=\"callbacks.setButtonStyles\" data-id=\"7401\" src=\"https:\/\/wander.com.ar\/website\/wp-content\/uploads\/b_peralta_4.jpg\" alt=\"\" class=\"wp-image-7401\" srcset=\"https:\/\/wander.com.ar\/website\/wp-content\/uploads\/b_peralta_4.jpg 1150w, https:\/\/wander.com.ar\/website\/wp-content\/uploads\/b_peralta_4-980x551.jpg 980w, https:\/\/wander.com.ar\/website\/wp-content\/uploads\/b_peralta_4-480x270.jpg 480w\" sizes=\"(min-width: 0px) and (max-width: 480px) 480px, (min-width: 481px) and (max-width: 980px) 980px, (min-width: 981px) 1150px, 100vw\" \/><button\n\t\t\tclass=\"lightbox-trigger\"\n\t\t\ttype=\"button\"\n\t\t\taria-haspopup=\"dialog\"\n\t\t\taria-label=\"Agrandar\"\n\t\t\tdata-wp-init=\"callbacks.initTriggerButton\"\n\t\t\tdata-wp-on--click=\"actions.showLightbox\"\n\t\t\tdata-wp-style--right=\"state.imageButtonRight\"\n\t\t\tdata-wp-style--top=\"state.imageButtonTop\"\n\t\t>\n\t\t\t<svg xmlns=\"http:\/\/www.w3.org\/2000\/svg\" width=\"12\" height=\"12\" fill=\"none\" viewBox=\"0 0 12 12\">\n\t\t\t\t<path fill=\"#fff\" d=\"M2 0a2 2 0 0 0-2 2v2h1.5V2a.5.5 0 0 1 .5-.5h2V0H2Zm2 10.5H2a.5.5 0 0 1-.5-.5V8H0v2a2 2 0 0 0 2 2h2v-1.5ZM8 12v-1.5h2a.5.5 0 0 0 .5-.5V8H12v2a2 2 0 0 1-2 2H8Zm2-12a2 2 0 0 1 2 2v2h-1.5V2a.5.5 0 0 0-.5-.5H8V0h2Z\" \/>\n\t\t\t<\/svg>\n\t\t<\/button><\/figure>\n\n\n\n<figure data-wp-context=\"{&quot;imageId&quot;:&quot;69f4d4ca63fb0&quot;}\" data-wp-interactive=\"core\/image\" data-wp-key=\"69f4d4ca63fb0\" class=\"wp-block-image size-large wp-lightbox-container\"><img loading=\"lazy\" decoding=\"async\" width=\"1150\" height=\"647\" data-wp-class--hide=\"state.isContentHidden\" data-wp-class--show=\"state.isContentVisible\" data-wp-init=\"callbacks.setButtonStyles\" data-wp-on--click=\"actions.showLightbox\" data-wp-on--load=\"callbacks.setButtonStyles\" data-wp-on-window--resize=\"callbacks.setButtonStyles\" data-id=\"7400\" src=\"https:\/\/wander.com.ar\/website\/wp-content\/uploads\/b_peralta_3.jpg\" alt=\"\" class=\"wp-image-7400\" srcset=\"https:\/\/wander.com.ar\/website\/wp-content\/uploads\/b_peralta_3.jpg 1150w, https:\/\/wander.com.ar\/website\/wp-content\/uploads\/b_peralta_3-980x551.jpg 980w, https:\/\/wander.com.ar\/website\/wp-content\/uploads\/b_peralta_3-480x270.jpg 480w\" sizes=\"(min-width: 0px) and (max-width: 480px) 480px, (min-width: 481px) and (max-width: 980px) 980px, (min-width: 981px) 1150px, 100vw\" \/><button\n\t\t\tclass=\"lightbox-trigger\"\n\t\t\ttype=\"button\"\n\t\t\taria-haspopup=\"dialog\"\n\t\t\taria-label=\"Agrandar\"\n\t\t\tdata-wp-init=\"callbacks.initTriggerButton\"\n\t\t\tdata-wp-on--click=\"actions.showLightbox\"\n\t\t\tdata-wp-style--right=\"state.imageButtonRight\"\n\t\t\tdata-wp-style--top=\"state.imageButtonTop\"\n\t\t>\n\t\t\t<svg xmlns=\"http:\/\/www.w3.org\/2000\/svg\" width=\"12\" height=\"12\" fill=\"none\" viewBox=\"0 0 12 12\">\n\t\t\t\t<path fill=\"#fff\" d=\"M2 0a2 2 0 0 0-2 2v2h1.5V2a.5.5 0 0 1 .5-.5h2V0H2Zm2 10.5H2a.5.5 0 0 1-.5-.5V8H0v2a2 2 0 0 0 2 2h2v-1.5ZM8 12v-1.5h2a.5.5 0 0 0 .5-.5V8H12v2a2 2 0 0 1-2 2H8Zm2-12a2 2 0 0 1 2 2v2h-1.5V2a.5.5 0 0 0-.5-.5H8V0h2Z\" \/>\n\t\t\t<\/svg>\n\t\t<\/button><\/figure>\n\n\n\n<figure data-wp-context=\"{&quot;imageId&quot;:&quot;69f4d4ca64377&quot;}\" data-wp-interactive=\"core\/image\" data-wp-key=\"69f4d4ca64377\" class=\"wp-block-image size-large wp-lightbox-container\"><img loading=\"lazy\" decoding=\"async\" width=\"1120\" height=\"630\" data-wp-class--hide=\"state.isContentHidden\" data-wp-class--show=\"state.isContentVisible\" data-wp-init=\"callbacks.setButtonStyles\" data-wp-on--click=\"actions.showLightbox\" data-wp-on--load=\"callbacks.setButtonStyles\" data-wp-on-window--resize=\"callbacks.setButtonStyles\" data-id=\"7399\" src=\"https:\/\/wander.com.ar\/website\/wp-content\/uploads\/b_peralta_2.jpg\" alt=\"\" class=\"wp-image-7399\" srcset=\"https:\/\/wander.com.ar\/website\/wp-content\/uploads\/b_peralta_2.jpg 1120w, https:\/\/wander.com.ar\/website\/wp-content\/uploads\/b_peralta_2-980x551.jpg 980w, https:\/\/wander.com.ar\/website\/wp-content\/uploads\/b_peralta_2-480x270.jpg 480w\" sizes=\"(min-width: 0px) and (max-width: 480px) 480px, (min-width: 481px) and (max-width: 980px) 980px, (min-width: 981px) 1120px, 100vw\" \/><button\n\t\t\tclass=\"lightbox-trigger\"\n\t\t\ttype=\"button\"\n\t\t\taria-haspopup=\"dialog\"\n\t\t\taria-label=\"Agrandar\"\n\t\t\tdata-wp-init=\"callbacks.initTriggerButton\"\n\t\t\tdata-wp-on--click=\"actions.showLightbox\"\n\t\t\tdata-wp-style--right=\"state.imageButtonRight\"\n\t\t\tdata-wp-style--top=\"state.imageButtonTop\"\n\t\t>\n\t\t\t<svg xmlns=\"http:\/\/www.w3.org\/2000\/svg\" width=\"12\" height=\"12\" fill=\"none\" viewBox=\"0 0 12 12\">\n\t\t\t\t<path fill=\"#fff\" d=\"M2 0a2 2 0 0 0-2 2v2h1.5V2a.5.5 0 0 1 .5-.5h2V0H2Zm2 10.5H2a.5.5 0 0 1-.5-.5V8H0v2a2 2 0 0 0 2 2h2v-1.5ZM8 12v-1.5h2a.5.5 0 0 0 .5-.5V8H12v2a2 2 0 0 1-2 2H8Zm2-12a2 2 0 0 1 2 2v2h-1.5V2a.5.5 0 0 0-.5-.5H8V0h2Z\" \/>\n\t\t\t<\/svg>\n\t\t<\/button><\/figure>\n<\/figure>\n\n\n\n<p><\/p>\n\n\n\n<p>Durante la jornada del viernes 15 de diciembre, 44 pilotos de Brasil, Chile y Argentina; realizaron actividades planificadas por la organizaci\u00f3n y los ni\u00f1os fueron evaluados en diferentes aspectos deportivos y profesionales. Finalmente, Benjam\u00edn fue uno de los 15 elegidos para integrar la grilla de carreras para la Temporada 2024 que se desarrollar\u00e1 en Brasil desde abril pr\u00f3ximo. Ser\u00e1n seis rondas dobles (un total de 12 carreras) distribuidas en seis circuitos diferentes a partir de abril y con finalizaci\u00f3n en noviembre.<\/p>\n\n\n\n<blockquote class=\"wp-block-quote is-layout-flow wp-block-quote-is-layout-flow\">\n<p>\u201cMuchas gracias a todos por apoyo previo, a todos los sponsors que colaboraron, a Yamaha Brasil y Argentina. Todos fueron parte de esto y voy a estar siempre agradecido\u201d, dijo Benja luego de haber sido elegido tras una intensa jornada en el Aut\u00f3dromo Fazenda Capuava de San Pablo.<\/p>\n<\/blockquote>\n\n\n\n<p>Ahora el piloto santafesino tendr\u00e1 un 2024 con muchos compromisos, pero con los objetivos cumplidos\u2026 y con apenas 12 a\u00f1os y un inmenso potencial y futuro para dejar en claro que los logros son parte del trabajo y la disciplina.<\/p>\n","protected":false},"excerpt":{"rendered":"<p>En apenas cinco d\u00edas, el piloto Wander Racing se convirti\u00f3 en campe\u00f3n argentino de Superbike y en uno de los mejores 15 pilotos de Sudam\u00e9rica que correr\u00e1 el Primer Campeonato Latinoamericano de R15, la nueva categor\u00eda de 150cc que se llevar\u00e1 adelante en 2024 en Brasil.<\/p>\n","protected":false},"author":10,"featured_media":7398,"comment_status":"closed","ping_status":"closed","sticky":false,"template":"","format":"standard","meta":{"_et_pb_use_builder":"off","_et_pb_old_content":"","_et_gb_content_width":"","footnotes":""},"categories":[377],"tags":[],"class_list":["post-7393","post","type-post","status-publish","format-standard","has-post-thumbnail","hentry","category-novedades"],"yoast_head":"<!-- This site is optimized with the Yoast SEO plugin v23.9 - https:\/\/yoast.com\/wordpress\/plugins\/seo\/ -->\n<title>BENJA PERALTA, DE CAMPE\u00d3N ARGENTINO AL SELECTIVO DE BRASIL 2024 -<\/title>\n<meta name=\"robots\" content=\"noindex, follow\" \/>\n<meta property=\"og:locale\" content=\"es_ES\" \/>\n<meta property=\"og:type\" content=\"article\" \/>\n<meta property=\"og:title\" content=\"BENJA PERALTA, DE CAMPE\u00d3N ARGENTINO AL SELECTIVO DE BRASIL 2024 -\" \/>\n<meta property=\"og:description\" content=\"En apenas cinco d\u00edas, el piloto Wander Racing se convirti\u00f3 en campe\u00f3n argentino de Superbike y en uno de los mejores 15 pilotos de Sudam\u00e9rica que correr\u00e1 el Primer Campeonato Latinoamericano de R15, la nueva categor\u00eda de 150cc que se llevar\u00e1 adelante en 2024 en Brasil.\" \/>\n<meta property=\"og:url\" content=\"https:\/\/wander.com.ar\/website\/benja-peralta-de-campeon-argentino-al-selectivo-de-brasil-2024\/\" \/>\n<meta property=\"og:site_name\" content=\"Wander\" \/>\n<meta property=\"article:publisher\" content=\"https:\/\/www.facebook.com\/wanderargentina.ok\/\" \/>\n<meta property=\"article:published_time\" content=\"2024-01-11T13:34:00+00:00\" \/>\n<meta property=\"article:modified_time\" content=\"2024-07-18T14:58:55+00:00\" \/>\n<meta property=\"og:image\" content=\"https:\/\/wander.com.ar\/website\/wp-content\/uploads\/b_peralta_1.jpg\" \/>\n\t<meta property=\"og:image:width\" content=\"1150\" \/>\n\t<meta property=\"og:image:height\" content=\"647\" \/>\n\t<meta property=\"og:image:type\" content=\"image\/jpeg\" \/>\n<meta name=\"author\" content=\"Leonardo Girardi\" \/>\n<meta name=\"twitter:card\" content=\"summary_large_image\" \/>\n<meta name=\"twitter:label1\" content=\"Escrito por\" \/>\n\t<meta name=\"twitter:data1\" content=\"Leonardo Girardi\" \/>\n\t<meta name=\"twitter:label2\" content=\"Tiempo de lectura\" \/>\n\t<meta name=\"twitter:data2\" content=\"2 minutos\" \/>\n<script type=\"application\/ld+json\" class=\"yoast-schema-graph\">{\"@context\":\"https:\/\/schema.org\",\"@graph\":[{\"@type\":\"Article\",\"@id\":\"https:\/\/wander.com.ar\/website\/benja-peralta-de-campeon-argentino-al-selectivo-de-brasil-2024\/#article\",\"isPartOf\":{\"@id\":\"https:\/\/wander.com.ar\/website\/benja-peralta-de-campeon-argentino-al-selectivo-de-brasil-2024\/\"},\"author\":{\"name\":\"Leonardo Girardi\",\"@id\":\"https:\/\/wander.com.ar\/website\/#\/schema\/person\/881458e62efa9ec0a1770a77a5124e79\"},\"headline\":\"BENJA PERALTA, DE CAMPE\u00d3N ARGENTINO AL SELECTIVO DE BRASIL 2024\",\"datePublished\":\"2024-01-11T13:34:00+00:00\",\"dateModified\":\"2024-07-18T14:58:55+00:00\",\"mainEntityOfPage\":{\"@id\":\"https:\/\/wander.com.ar\/website\/benja-peralta-de-campeon-argentino-al-selectivo-de-brasil-2024\/\"},\"wordCount\":408,\"publisher\":{\"@id\":\"https:\/\/wander.com.ar\/website\/#organization\"},\"image\":{\"@id\":\"https:\/\/wander.com.ar\/website\/benja-peralta-de-campeon-argentino-al-selectivo-de-brasil-2024\/#primaryimage\"},\"thumbnailUrl\":\"https:\/\/wander.com.ar\/website\/wp-content\/uploads\/b_peralta_1.jpg\",\"articleSection\":[\"Novedades\"],\"inLanguage\":\"es\"},{\"@type\":\"WebPage\",\"@id\":\"https:\/\/wander.com.ar\/website\/benja-peralta-de-campeon-argentino-al-selectivo-de-brasil-2024\/\",\"url\":\"https:\/\/wander.com.ar\/website\/benja-peralta-de-campeon-argentino-al-selectivo-de-brasil-2024\/\",\"name\":\"BENJA PERALTA, DE CAMPE\u00d3N ARGENTINO AL SELECTIVO DE BRASIL 2024 -\",\"isPartOf\":{\"@id\":\"https:\/\/wander.com.ar\/website\/#website\"},\"primaryImageOfPage\":{\"@id\":\"https:\/\/wander.com.ar\/website\/benja-peralta-de-campeon-argentino-al-selectivo-de-brasil-2024\/#primaryimage\"},\"image\":{\"@id\":\"https:\/\/wander.com.ar\/website\/benja-peralta-de-campeon-argentino-al-selectivo-de-brasil-2024\/#primaryimage\"},\"thumbnailUrl\":\"https:\/\/wander.com.ar\/website\/wp-content\/uploads\/b_peralta_1.jpg\",\"datePublished\":\"2024-01-11T13:34:00+00:00\",\"dateModified\":\"2024-07-18T14:58:55+00:00\",\"breadcrumb\":{\"@id\":\"https:\/\/wander.com.ar\/website\/benja-peralta-de-campeon-argentino-al-selectivo-de-brasil-2024\/#breadcrumb\"},\"inLanguage\":\"es\",\"potentialAction\":[{\"@type\":\"ReadAction\",\"target\":[\"https:\/\/wander.com.ar\/website\/benja-peralta-de-campeon-argentino-al-selectivo-de-brasil-2024\/\"]}]},{\"@type\":\"ImageObject\",\"inLanguage\":\"es\",\"@id\":\"https:\/\/wander.com.ar\/website\/benja-peralta-de-campeon-argentino-al-selectivo-de-brasil-2024\/#primaryimage\",\"url\":\"https:\/\/wander.com.ar\/website\/wp-content\/uploads\/b_peralta_1.jpg\",\"contentUrl\":\"https:\/\/wander.com.ar\/website\/wp-content\/uploads\/b_peralta_1.jpg\",\"width\":1150,\"height\":647},{\"@type\":\"BreadcrumbList\",\"@id\":\"https:\/\/wander.com.ar\/website\/benja-peralta-de-campeon-argentino-al-selectivo-de-brasil-2024\/#breadcrumb\",\"itemListElement\":[{\"@type\":\"ListItem\",\"position\":1,\"name\":\"Portada\",\"item\":\"https:\/\/wander.com.ar\/website\/\"},{\"@type\":\"ListItem\",\"position\":2,\"name\":\"BENJA PERALTA, DE CAMPE\u00d3N ARGENTINO AL SELECTIVO DE BRASIL 2024\"}]},{\"@type\":\"WebSite\",\"@id\":\"https:\/\/wander.com.ar\/website\/#website\",\"url\":\"https:\/\/wander.com.ar\/website\/\",\"name\":\"Wander Argentina\",\"description\":\"Productos para el mercado automotor\",\"publisher\":{\"@id\":\"https:\/\/wander.com.ar\/website\/#organization\"},\"alternateName\":\"Wander\",\"potentialAction\":[{\"@type\":\"SearchAction\",\"target\":{\"@type\":\"EntryPoint\",\"urlTemplate\":\"https:\/\/wander.com.ar\/website\/?s={search_term_string}\"},\"query-input\":{\"@type\":\"PropertyValueSpecification\",\"valueRequired\":true,\"valueName\":\"search_term_string\"}}],\"inLanguage\":\"es\"},{\"@type\":\"Organization\",\"@id\":\"https:\/\/wander.com.ar\/website\/#organization\",\"name\":\"Wander Argentina\",\"alternateName\":\"Wander\",\"url\":\"https:\/\/wander.com.ar\/website\/\",\"logo\":{\"@type\":\"ImageObject\",\"inLanguage\":\"es\",\"@id\":\"https:\/\/wander.com.ar\/website\/#\/schema\/logo\/image\/\",\"url\":\"https:\/\/wander.com.ar\/website\/wp-content\/uploads\/wander_isologo_hor_pos.png\",\"contentUrl\":\"https:\/\/wander.com.ar\/website\/wp-content\/uploads\/wander_isologo_hor_pos.png\",\"width\":951,\"height\":333,\"caption\":\"Wander Argentina\"},\"image\":{\"@id\":\"https:\/\/wander.com.ar\/website\/#\/schema\/logo\/image\/\"},\"sameAs\":[\"https:\/\/www.facebook.com\/wanderargentina.ok\/\",\"https:\/\/www.youtube.com\/@WanderRacingTV\",\"https:\/\/www.instagram.com\/wanderargentina.ok\"]},{\"@type\":\"Person\",\"@id\":\"https:\/\/wander.com.ar\/website\/#\/schema\/person\/881458e62efa9ec0a1770a77a5124e79\",\"name\":\"Leonardo Girardi\",\"image\":{\"@type\":\"ImageObject\",\"inLanguage\":\"es\",\"@id\":\"https:\/\/wander.com.ar\/website\/#\/schema\/person\/image\/\",\"url\":\"https:\/\/secure.gravatar.com\/avatar\/02bf58d0e5ec9a22b600363fbff5ea6c5dc0e4a05d54d3a32fcee24fba5e290f?s=96&d=mm&r=g\",\"contentUrl\":\"https:\/\/secure.gravatar.com\/avatar\/02bf58d0e5ec9a22b600363fbff5ea6c5dc0e4a05d54d3a32fcee24fba5e290f?s=96&d=mm&r=g\",\"caption\":\"Leonardo Girardi\"},\"sameAs\":[\"https:\/\/wander.com.ar\"],\"url\":\"https:\/\/wander.com.ar\/website\/author\/leonardo\/\"}]}<\/script>\n<!-- \/ Yoast SEO plugin. -->","yoast_head_json":{"title":"BENJA PERALTA, DE CAMPE\u00d3N ARGENTINO AL SELECTIVO DE BRASIL 2024 -","robots":{"index":"noindex","follow":"follow"},"og_locale":"es_ES","og_type":"article","og_title":"BENJA PERALTA, DE CAMPE\u00d3N ARGENTINO AL SELECTIVO DE BRASIL 2024 -","og_description":"En apenas cinco d\u00edas, el piloto Wander Racing se convirti\u00f3 en campe\u00f3n argentino de Superbike y en uno de los mejores 15 pilotos de Sudam\u00e9rica que correr\u00e1 el Primer Campeonato Latinoamericano de R15, la nueva categor\u00eda de 150cc que se llevar\u00e1 adelante en 2024 en Brasil.","og_url":"https:\/\/wander.com.ar\/website\/benja-peralta-de-campeon-argentino-al-selectivo-de-brasil-2024\/","og_site_name":"Wander","article_publisher":"https:\/\/www.facebook.com\/wanderargentina.ok\/","article_published_time":"2024-01-11T13:34:00+00:00","article_modified_time":"2024-07-18T14:58:55+00:00","og_image":[{"width":1150,"height":647,"url":"https:\/\/wander.com.ar\/website\/wp-content\/uploads\/b_peralta_1.jpg","type":"image\/jpeg"}],"author":"Leonardo Girardi","twitter_card":"summary_large_image","twitter_misc":{"Escrito por":"Leonardo Girardi","Tiempo de lectura":"2 minutos"},"schema":{"@context":"https:\/\/schema.org","@graph":[{"@type":"Article","@id":"https:\/\/wander.com.ar\/website\/benja-peralta-de-campeon-argentino-al-selectivo-de-brasil-2024\/#article","isPartOf":{"@id":"https:\/\/wander.com.ar\/website\/benja-peralta-de-campeon-argentino-al-selectivo-de-brasil-2024\/"},"author":{"name":"Leonardo Girardi","@id":"https:\/\/wander.com.ar\/website\/#\/schema\/person\/881458e62efa9ec0a1770a77a5124e79"},"headline":"BENJA PERALTA, DE CAMPE\u00d3N ARGENTINO AL SELECTIVO DE BRASIL 2024","datePublished":"2024-01-11T13:34:00+00:00","dateModified":"2024-07-18T14:58:55+00:00","mainEntityOfPage":{"@id":"https:\/\/wander.com.ar\/website\/benja-peralta-de-campeon-argentino-al-selectivo-de-brasil-2024\/"},"wordCount":408,"publisher":{"@id":"https:\/\/wander.com.ar\/website\/#organization"},"image":{"@id":"https:\/\/wander.com.ar\/website\/benja-peralta-de-campeon-argentino-al-selectivo-de-brasil-2024\/#primaryimage"},"thumbnailUrl":"https:\/\/wander.com.ar\/website\/wp-content\/uploads\/b_peralta_1.jpg","articleSection":["Novedades"],"inLanguage":"es"},{"@type":"WebPage","@id":"https:\/\/wander.com.ar\/website\/benja-peralta-de-campeon-argentino-al-selectivo-de-brasil-2024\/","url":"https:\/\/wander.com.ar\/website\/benja-peralta-de-campeon-argentino-al-selectivo-de-brasil-2024\/","name":"BENJA PERALTA, DE CAMPE\u00d3N ARGENTINO AL SELECTIVO DE BRASIL 2024 -","isPartOf":{"@id":"https:\/\/wander.com.ar\/website\/#website"},"primaryImageOfPage":{"@id":"https:\/\/wander.com.ar\/website\/benja-peralta-de-campeon-argentino-al-selectivo-de-brasil-2024\/#primaryimage"},"image":{"@id":"https:\/\/wander.com.ar\/website\/benja-peralta-de-campeon-argentino-al-selectivo-de-brasil-2024\/#primaryimage"},"thumbnailUrl":"https:\/\/wander.com.ar\/website\/wp-content\/uploads\/b_peralta_1.jpg","datePublished":"2024-01-11T13:34:00+00:00","dateModified":"2024-07-18T14:58:55+00:00","breadcrumb":{"@id":"https:\/\/wander.com.ar\/website\/benja-peralta-de-campeon-argentino-al-selectivo-de-brasil-2024\/#breadcrumb"},"inLanguage":"es","potentialAction":[{"@type":"ReadAction","target":["https:\/\/wander.com.ar\/website\/benja-peralta-de-campeon-argentino-al-selectivo-de-brasil-2024\/"]}]},{"@type":"ImageObject","inLanguage":"es","@id":"https:\/\/wander.com.ar\/website\/benja-peralta-de-campeon-argentino-al-selectivo-de-brasil-2024\/#primaryimage","url":"https:\/\/wander.com.ar\/website\/wp-content\/uploads\/b_peralta_1.jpg","contentUrl":"https:\/\/wander.com.ar\/website\/wp-content\/uploads\/b_peralta_1.jpg","width":1150,"height":647},{"@type":"BreadcrumbList","@id":"https:\/\/wander.com.ar\/website\/benja-peralta-de-campeon-argentino-al-selectivo-de-brasil-2024\/#breadcrumb","itemListElement":[{"@type":"ListItem","position":1,"name":"Portada","item":"https:\/\/wander.com.ar\/website\/"},{"@type":"ListItem","position":2,"name":"BENJA PERALTA, DE CAMPE\u00d3N ARGENTINO AL SELECTIVO DE BRASIL 2024"}]},{"@type":"WebSite","@id":"https:\/\/wander.com.ar\/website\/#website","url":"https:\/\/wander.com.ar\/website\/","name":"Wander Argentina","description":"Productos para el mercado automotor","publisher":{"@id":"https:\/\/wander.com.ar\/website\/#organization"},"alternateName":"Wander","potentialAction":[{"@type":"SearchAction","target":{"@type":"EntryPoint","urlTemplate":"https:\/\/wander.com.ar\/website\/?s={search_term_string}"},"query-input":{"@type":"PropertyValueSpecification","valueRequired":true,"valueName":"search_term_string"}}],"inLanguage":"es"},{"@type":"Organization","@id":"https:\/\/wander.com.ar\/website\/#organization","name":"Wander Argentina","alternateName":"Wander","url":"https:\/\/wander.com.ar\/website\/","logo":{"@type":"ImageObject","inLanguage":"es","@id":"https:\/\/wander.com.ar\/website\/#\/schema\/logo\/image\/","url":"https:\/\/wander.com.ar\/website\/wp-content\/uploads\/wander_isologo_hor_pos.png","contentUrl":"https:\/\/wander.com.ar\/website\/wp-content\/uploads\/wander_isologo_hor_pos.png","width":951,"height":333,"caption":"Wander Argentina"},"image":{"@id":"https:\/\/wander.com.ar\/website\/#\/schema\/logo\/image\/"},"sameAs":["https:\/\/www.facebook.com\/wanderargentina.ok\/","https:\/\/www.youtube.com\/@WanderRacingTV","https:\/\/www.instagram.com\/wanderargentina.ok"]},{"@type":"Person","@id":"https:\/\/wander.com.ar\/website\/#\/schema\/person\/881458e62efa9ec0a1770a77a5124e79","name":"Leonardo Girardi","image":{"@type":"ImageObject","inLanguage":"es","@id":"https:\/\/wander.com.ar\/website\/#\/schema\/person\/image\/","url":"https:\/\/secure.gravatar.com\/avatar\/02bf58d0e5ec9a22b600363fbff5ea6c5dc0e4a05d54d3a32fcee24fba5e290f?s=96&d=mm&r=g","contentUrl":"https:\/\/secure.gravatar.com\/avatar\/02bf58d0e5ec9a22b600363fbff5ea6c5dc0e4a05d54d3a32fcee24fba5e290f?s=96&d=mm&r=g","caption":"Leonardo Girardi"},"sameAs":["https:\/\/wander.com.ar"],"url":"https:\/\/wander.com.ar\/website\/author\/leonardo\/"}]}},"_links":{"self":[{"href":"https:\/\/wander.com.ar\/website\/wp-json\/wp\/v2\/posts\/7393","targetHints":{"allow":["GET"]}}],"collection":[{"href":"https:\/\/wander.com.ar\/website\/wp-json\/wp\/v2\/posts"}],"about":[{"href":"https:\/\/wander.com.ar\/website\/wp-json\/wp\/v2\/types\/post"}],"author":[{"embeddable":true,"href":"https:\/\/wander.com.ar\/website\/wp-json\/wp\/v2\/users\/10"}],"replies":[{"embeddable":true,"href":"https:\/\/wander.com.ar\/website\/wp-json\/wp\/v2\/comments?post=7393"}],"version-history":[{"count":0,"href":"https:\/\/wander.com.ar\/website\/wp-json\/wp\/v2\/posts\/7393\/revisions"}],"wp:featuredmedia":[{"embeddable":true,"href":"https:\/\/wander.com.ar\/website\/wp-json\/wp\/v2\/media\/7398"}],"wp:attachment":[{"href":"https:\/\/wander.com.ar\/website\/wp-json\/wp\/v2\/media?parent=7393"}],"wp:term":[{"taxonomy":"category","embeddable":true,"href":"https:\/\/wander.com.ar\/website\/wp-json\/wp\/v2\/categories?post=7393"},{"taxonomy":"post_tag","embeddable":true,"href":"https:\/\/wander.com.ar\/website\/wp-json\/wp\/v2\/tags?post=7393"}],"curies":[{"name":"wp","href":"https:\/\/api.w.org\/{rel}","templated":true}]}}